 {"id":4719,"date":"2024-02-05T14:18:19","date_gmt":"2024-02-05T13:18:19","guid":{"rendered":"https:\/\/zabnica.e-przedszkolak.eu\/?p=4719"},"modified":"2024-02-05T14:18:37","modified_gmt":"2024-02-05T13:18:37","slug":"przeglad-koled-i-pastoralek","status":"publish","type":"post","link":"https:\/\/zabnica.e-przedszkolak.eu\/archiwum\/2024\/02\/05\/przeglad-koled-i-pastoralek\/","title":{"rendered":"Przegl\u0105d Kol\u0119d i Pastora\u0142ek"},"content":{"rendered":"<p style=\"text-align: justify;\">14 grudnia 2023 r. w O\u015brodku Promocji Gminy W\u0119gierska G\u00f3rka panowa\u0142 cudowny, \u015bwi\u0105teczny klimat. Wszystko za spraw\u0105 IX Przegl\u0105du Kol\u0119d i Pastora\u0142ek Polskich, podczas kt\u00f3rego wyst\u0105pi\u0142o wielu solist\u00f3w, duet\u00f3w i zespo\u0142\u00f3w. Uroczystego otwarcia dokona\u0142 W\u00f3jt Gminy W\u0119gierska G\u00f3rka Piotr Tyrlik.<!--more--><\/p>\n<p dir=\"ltr\">Z roku na rok poziom konkursu jest coraz wy\u017cszy, dlatego jury w sk\u0142adzie: Gra\u017cyna Feil, Danuta Pawlus i Marcin Biegun nie mia\u0142o \u0142atwego zadania.<\/p>\n<p>Po burzliwych dyskusjach stwierdzono, \u017ce GRAND PRIX IX Przegl\u0105du Kol\u0119d i Pastora\u0142ek Polskich otrzyma:<br \/>\n\u2022 Hanna Ma\u0142ucha z Zespo\u0142u Szkolno-Przedszkolnego w Le\u015bnej.<\/p>\n<p dir=\"ltr\">Laureatami zostali:<\/p>\n<p dir=\"ltr\">\u2022 Grupa Przedszkolak\u00f3w z Przedszkola w \u017babnicy,<br \/>\n\u2022 Grupa Biedronki z Przedszkola nr 2 w Ci\u015bcu,<br \/>\n\u2022 Grupa Pszcz\u00f3\u0142ki z Przedszkola Zaczarowany Las w W\u0119gierskiej G\u00f3rce,<br \/>\n\u2022 Konrad Jurasz z uczniami,<br \/>\n\u2022 Sandra Pytlarz,<br \/>\n\u2022 Kinga Kuma\u0144ska i Ewelina Pochopie\u0144,<br \/>\n\u2022 Szymon Legut i Paulina G\u0105ska,<br \/>\n\u2022 Kinga Karkut z Ma\u0142ych Hulajnik\u00f3w,<br \/>\n\u2022 Dzieci\u0119cy Zesp\u00f3\u0142 Folklorystyczny G\u00f3recka.<\/p>\n<p dir=\"ltr\">Gratulujemy i czekamy na Wasze wyst\u0119py podczas Noworocznego Koncertu 6 stycznia.<\/p>\n<p dir=\"ltr\">Wysoki poziom przes\u0142ucha\u0144 i talent wyst\u0119puj\u0105cych sprawi\u0142, \u017ce jury postanowi\u0142o przyzna\u0107 r\u00f3wnie\u017c wyr\u00f3\u017cnienia muzyczne, kt\u00f3re otrzyma\u0142y nast\u0119puj\u0105ce osoby:<\/p>\n<p dir=\"ltr\">\u2022 Milena Piela z przedszkola nr 1 w Ci\u015bcu,<br \/>\n\u2022 Emilia Czech,<br \/>\n\u2022 Sebastian Balas i Maria Fabia \u2013 Kol\u0119dnicy na Ko\u0142ach,<br \/>\n\u2022 Tomasz Wojciuch i Kubra Har\u0119\u017clak,<br \/>\n\u2022 Kacper Golec i Kamil Pawlus.<\/p>\n<p dir=\"ltr\">Z ca\u0142ego serca dzi\u0119kujemy wszystkim wyst\u0119puj\u0105cym oraz gratulujemy odwagi, kt\u00f3r\u0105 pokazali\u015bcie wychodz\u0105c na scen\u0119.<\/p>\n<p dir=\"ltr\">Zapraszamy na rozdanie nagr\u00f3d, kt\u00f3re odb\u0119dzie si\u0119 podczas Koncertu Noworocznego z Ma\u0142ym Ha\u015bnikiem &#8211; 6 stycznia 2024 r. w Hali Widowiskowo-Sportowej w W\u0119gierskiej G\u00f3rce.<\/p>\nngg_shortcode_0_placeholder\n","protected":false},"excerpt":{"rendered":"<p>14 grudnia 2023 r. w O\u015brodku Promocji Gminy W\u0119gierska G\u00f3rka panowa\u0142 cudowny, \u015bwi\u0105teczny klimat. Wszystko za spraw\u0105 IX Przegl\u0105du Kol\u0119d i Pastora\u0142ek Polskich, podczas kt\u00f3rego wyst\u0105pi\u0142o wielu solist\u00f3w, duet\u00f3w i zespo\u0142\u00f3w. Uroczystego otwarcia dokona\u0142 W\u00f3jt Gminy W\u0119gierska G\u00f3rka Piotr Tyrlik.<\/p>\n","protected":false},"author":3,"featured_media":4727,"comment_status":"open","ping_status":"open","sticky":false,"template":"","format":"standard","meta":{"ngg_post_thumbnail":0,"footnotes":""},"categories":[1],"tags":[],"class_list":["post-4719","post","type-post","status-publish","format-standard","has-post-thumbnail","hentry","category-bez-kategorii"],"_links":{"self":[{"href":"https:\/\/zabnica.e-przedszkolak.eu\/archiwum\/wp-json\/wp\/v2\/posts\/4719","targetHints":{"allow":["GET"]}}],"collection":[{"href":"https:\/\/zabnica.e-przedszkolak.eu\/archiwum\/wp-json\/wp\/v2\/posts"}],"about":[{"href":"https:\/\/zabnica.e-przedszkolak.eu\/archiwum\/wp-json\/wp\/v2\/types\/post"}],"author":[{"embeddable":true,"href":"https:\/\/zabnica.e-przedszkolak.eu\/archiwum\/wp-json\/wp\/v2\/users\/3"}],"replies":[{"embeddable":true,"href":"https:\/\/zabnica.e-przedszkolak.eu\/archiwum\/wp-json\/wp\/v2\/comments?post=4719"}],"version-history":[{"count":1,"href":"https:\/\/zabnica.e-przedszkolak.eu\/archiwum\/wp-json\/wp\/v2\/posts\/4719\/revisions"}],"predecessor-version":[{"id":4728,"href":"https:\/\/zabnica.e-przedszkolak.eu\/archiwum\/wp-json\/wp\/v2\/posts\/4719\/revisions\/4728"}],"wp:featuredmedia":[{"embeddable":true,"href":"https:\/\/zabnica.e-przedszkolak.eu\/archiwum\/wp-json\/wp\/v2\/media\/4727"}],"wp:attachment":[{"href":"https:\/\/zabnica.e-przedszkolak.eu\/archiwum\/wp-json\/wp\/v2\/media?parent=4719"}],"wp:term":[{"taxonomy":"category","embeddable":true,"href":"https:\/\/zabnica.e-przedszkolak.eu\/archiwum\/wp-json\/wp\/v2\/categories?post=4719"},{"taxonomy":"post_tag","embeddable":true,"href":"https:\/\/zabnica.e-przedszkolak.eu\/archiwum\/wp-json\/wp\/v2\/tags?post=4719"}],"curies":[{"name":"wp","href":"https:\/\/api.w.org\/{rel}","templated":true}]}}