 {"id":4729,"date":"2024-02-05T14:20:53","date_gmt":"2024-02-05T13:20:53","guid":{"rendered":"https:\/\/zabnica.e-przedszkolak.eu\/?p=4729"},"modified":"2024-02-05T14:20:53","modified_gmt":"2024-02-05T13:20:53","slug":"jarmark-bozonarodzeniowy","status":"publish","type":"post","link":"https:\/\/zabnica.e-przedszkolak.eu\/archiwum\/2024\/02\/05\/jarmark-bozonarodzeniowy\/","title":{"rendered":"Jarmark Bo\u017conarodzeniowy"},"content":{"rendered":"<p style=\"text-align: justify;\">Bardzo dzi\u0119kujemy wszystkim dzieciom wyst\u0119puj\u0105cym na Jarmarkach Bo\u017conarodzeniowych w Ciscu i Ci\u0119cinie oraz ich rodzicom \ud83e\udd70 Przedszkolaki pi\u0119knie si\u0119 zaprezentowa\u0142y i zdoby\u0142y 2 miejsce na Jarmarku w Ci\u0119cinie\ud83d\udc4f\ud83e\udd48<!--more--><\/p>\n<p style=\"text-align: justify;\">Jeszcze raz wielkie gratulacje \u2764<\/p>\nngg_shortcode_0_placeholder\n","protected":false},"excerpt":{"rendered":"<p>Bardzo dzi\u0119kujemy wszystkim dzieciom wyst\u0119puj\u0105cym na Jarmarkach Bo\u017conarodzeniowych w Ciscu i Ci\u0119cinie oraz ich rodzicom \ud83e\udd70 Przedszkolaki pi\u0119knie si\u0119 zaprezentowa\u0142y i zdoby\u0142y 2 miejsce na Jarmarku w Ci\u0119cinie\ud83d\udc4f\ud83e\udd48<\/p>\n","protected":false},"author":3,"featured_media":4736,"comment_status":"open","ping_status":"open","sticky":false,"template":"","format":"standard","meta":{"ngg_post_thumbnail":0,"footnotes":""},"categories":[1],"tags":[],"class_list":["post-4729","post","type-post","status-publish","format-standard","has-post-thumbnail","hentry","category-bez-kategorii"],"_links":{"self":[{"href":"https:\/\/zabnica.e-przedszkolak.eu\/archiwum\/wp-json\/wp\/v2\/posts\/4729","targetHints":{"allow":["GET"]}}],"collection":[{"href":"https:\/\/zabnica.e-przedszkolak.eu\/archiwum\/wp-json\/wp\/v2\/posts"}],"about":[{"href":"https:\/\/zabnica.e-przedszkolak.eu\/archiwum\/wp-json\/wp\/v2\/types\/post"}],"author":[{"embeddable":true,"href":"https:\/\/zabnica.e-przedszkolak.eu\/archiwum\/wp-json\/wp\/v2\/users\/3"}],"replies":[{"embeddable":true,"href":"https:\/\/zabnica.e-przedszkolak.eu\/archiwum\/wp-json\/wp\/v2\/comments?post=4729"}],"version-history":[{"count":1,"href":"https:\/\/zabnica.e-przedszkolak.eu\/archiwum\/wp-json\/wp\/v2\/posts\/4729\/revisions"}],"predecessor-version":[{"id":4737,"href":"https:\/\/zabnica.e-przedszkolak.eu\/archiwum\/wp-json\/wp\/v2\/posts\/4729\/revisions\/4737"}],"wp:featuredmedia":[{"embeddable":true,"href":"https:\/\/zabnica.e-przedszkolak.eu\/archiwum\/wp-json\/wp\/v2\/media\/4736"}],"wp:attachment":[{"href":"https:\/\/zabnica.e-przedszkolak.eu\/archiwum\/wp-json\/wp\/v2\/media?parent=4729"}],"wp:term":[{"taxonomy":"category","embeddable":true,"href":"https:\/\/zabnica.e-przedszkolak.eu\/archiwum\/wp-json\/wp\/v2\/categories?post=4729"},{"taxonomy":"post_tag","embeddable":true,"href":"https:\/\/zabnica.e-przedszkolak.eu\/archiwum\/wp-json\/wp\/v2\/tags?post=4729"}],"curies":[{"name":"wp","href":"https:\/\/api.w.org\/{rel}","templated":true}]}}