 {"id":4772,"date":"2024-02-05T14:31:17","date_gmt":"2024-02-05T13:31:17","guid":{"rendered":"https:\/\/zabnica.e-przedszkolak.eu\/?p=4772"},"modified":"2024-02-05T14:31:17","modified_gmt":"2024-02-05T13:31:17","slug":"bal-ach-co-to-byl-za-bal","status":"publish","type":"post","link":"https:\/\/zabnica.e-przedszkolak.eu\/archiwum\/2024\/02\/05\/bal-ach-co-to-byl-za-bal\/","title":{"rendered":"Bal&#8230; Ach co to by\u0142 za bal.."},"content":{"rendered":"<p style=\"text-align: justify;\">,, A Ty ta\u0144cz, ta\u0144cz, ta\u0144cz kiedy inni ta\u0144cz\u0105..&#8221; c\u00f3\u017c to by\u0142a za zabawa \ud83d\ude01 nasze przedszkolaki \u015bwi\u0119towa\u0142y bal karnawa\u0142owy ta\u0144cz\u0105c, \u015bpiewaj\u0105c, \u0142api\u0105c ba\u0144ki mydlane i nie tylko \ud83d\ude01 i to wszystko w przepi\u0119knych, kolorowych strojach \ud83d\udc83\ud83d\udd7a\ud83e\udd73<!--more--><\/p>\nngg_shortcode_0_placeholder\n","protected":false},"excerpt":{"rendered":"<p>,, A Ty ta\u0144cz, ta\u0144cz, ta\u0144cz kiedy inni ta\u0144cz\u0105..&#8221; c\u00f3\u017c to by\u0142a za zabawa \ud83d\ude01 nasze przedszkolaki \u015bwi\u0119towa\u0142y bal karnawa\u0142owy ta\u0144cz\u0105c, \u015bpiewaj\u0105c, \u0142api\u0105c ba\u0144ki mydlane i nie tylko \ud83d\ude01 i to wszystko w przepi\u0119knych, kolorowych strojach \ud83d\udc83\ud83d\udd7a\ud83e\udd73<\/p>\n","protected":false},"author":3,"featured_media":4789,"comment_status":"open","ping_status":"open","sticky":false,"template":"","format":"standard","meta":{"ngg_post_thumbnail":0,"footnotes":""},"categories":[1],"tags":[],"class_list":["post-4772","post","type-post","status-publish","format-standard","has-post-thumbnail","hentry","category-bez-kategorii"],"_links":{"self":[{"href":"https:\/\/zabnica.e-przedszkolak.eu\/archiwum\/wp-json\/wp\/v2\/posts\/4772","targetHints":{"allow":["GET"]}}],"collection":[{"href":"https:\/\/zabnica.e-przedszkolak.eu\/archiwum\/wp-json\/wp\/v2\/posts"}],"about":[{"href":"https:\/\/zabnica.e-przedszkolak.eu\/archiwum\/wp-json\/wp\/v2\/types\/post"}],"author":[{"embeddable":true,"href":"https:\/\/zabnica.e-przedszkolak.eu\/archiwum\/wp-json\/wp\/v2\/users\/3"}],"replies":[{"embeddable":true,"href":"https:\/\/zabnica.e-przedszkolak.eu\/archiwum\/wp-json\/wp\/v2\/comments?post=4772"}],"version-history":[{"count":1,"href":"https:\/\/zabnica.e-przedszkolak.eu\/archiwum\/wp-json\/wp\/v2\/posts\/4772\/revisions"}],"predecessor-version":[{"id":4790,"href":"https:\/\/zabnica.e-przedszkolak.eu\/archiwum\/wp-json\/wp\/v2\/posts\/4772\/revisions\/4790"}],"wp:featuredmedia":[{"embeddable":true,"href":"https:\/\/zabnica.e-przedszkolak.eu\/archiwum\/wp-json\/wp\/v2\/media\/4789"}],"wp:attachment":[{"href":"https:\/\/zabnica.e-przedszkolak.eu\/archiwum\/wp-json\/wp\/v2\/media?parent=4772"}],"wp:term":[{"taxonomy":"category","embeddable":true,"href":"https:\/\/zabnica.e-przedszkolak.eu\/archiwum\/wp-json\/wp\/v2\/categories?post=4772"},{"taxonomy":"post_tag","embeddable":true,"href":"https:\/\/zabnica.e-przedszkolak.eu\/archiwum\/wp-json\/wp\/v2\/tags?post=4772"}],"curies":[{"name":"wp","href":"https:\/\/api.w.org\/{rel}","templated":true}]}}