 {"id":4791,"date":"2024-02-05T14:34:46","date_gmt":"2024-02-05T13:34:46","guid":{"rendered":"https:\/\/zabnica.e-przedszkolak.eu\/?p=4791"},"modified":"2024-02-05T14:34:46","modified_gmt":"2024-02-05T13:34:46","slug":"dzien-babci-i-dziadka-3","status":"publish","type":"post","link":"https:\/\/zabnica.e-przedszkolak.eu\/archiwum\/2024\/02\/05\/dzien-babci-i-dziadka-3\/","title":{"rendered":"Dzie\u0144 babci i dziadka"},"content":{"rendered":"<p style=\"text-align: justify;\">Babcia i Dziadek to bardzo wa\u017cne osoby w \u017cyciu ka\u017cdego dziecka, dlatego w tym szczeg\u00f3lnym dniu dzieci pami\u0119ta\u0142y o swoich Babciach i Dziadkach i wsp\u00f3lnie ze swoimi opiekunami przygotowa\u0142y dla nich przedstawienie.<!--more--><\/p>\nngg_shortcode_0_placeholder\n","protected":false},"excerpt":{"rendered":"<p>Babcia i Dziadek to bardzo wa\u017cne osoby w \u017cyciu ka\u017cdego dziecka, dlatego w tym szczeg\u00f3lnym dniu dzieci pami\u0119ta\u0142y o swoich Babciach i Dziadkach i wsp\u00f3lnie ze swoimi opiekunami przygotowa\u0142y dla nich przedstawienie.<\/p>\n","protected":false},"author":3,"featured_media":4816,"comment_status":"open","ping_status":"open","sticky":false,"template":"","format":"standard","meta":{"ngg_post_thumbnail":0,"footnotes":""},"categories":[1],"tags":[],"class_list":["post-4791","post","type-post","status-publish","format-standard","has-post-thumbnail","hentry","category-bez-kategorii"],"_links":{"self":[{"href":"https:\/\/zabnica.e-przedszkolak.eu\/archiwum\/wp-json\/wp\/v2\/posts\/4791","targetHints":{"allow":["GET"]}}],"collection":[{"href":"https:\/\/zabnica.e-przedszkolak.eu\/archiwum\/wp-json\/wp\/v2\/posts"}],"about":[{"href":"https:\/\/zabnica.e-przedszkolak.eu\/archiwum\/wp-json\/wp\/v2\/types\/post"}],"author":[{"embeddable":true,"href":"https:\/\/zabnica.e-przedszkolak.eu\/archiwum\/wp-json\/wp\/v2\/users\/3"}],"replies":[{"embeddable":true,"href":"https:\/\/zabnica.e-przedszkolak.eu\/archiwum\/wp-json\/wp\/v2\/comments?post=4791"}],"version-history":[{"count":1,"href":"https:\/\/zabnica.e-przedszkolak.eu\/archiwum\/wp-json\/wp\/v2\/posts\/4791\/revisions"}],"predecessor-version":[{"id":4817,"href":"https:\/\/zabnica.e-przedszkolak.eu\/archiwum\/wp-json\/wp\/v2\/posts\/4791\/revisions\/4817"}],"wp:featuredmedia":[{"embeddable":true,"href":"https:\/\/zabnica.e-przedszkolak.eu\/archiwum\/wp-json\/wp\/v2\/media\/4816"}],"wp:attachment":[{"href":"https:\/\/zabnica.e-przedszkolak.eu\/archiwum\/wp-json\/wp\/v2\/media?parent=4791"}],"wp:term":[{"taxonomy":"category","embeddable":true,"href":"https:\/\/zabnica.e-przedszkolak.eu\/archiwum\/wp-json\/wp\/v2\/categories?post=4791"},{"taxonomy":"post_tag","embeddable":true,"href":"https:\/\/zabnica.e-przedszkolak.eu\/archiwum\/wp-json\/wp\/v2\/tags?post=4791"}],"curies":[{"name":"wp","href":"https:\/\/api.w.org\/{rel}","templated":true}]}}