 {"id":4899,"date":"2024-04-05T12:02:12","date_gmt":"2024-04-05T10:02:12","guid":{"rendered":"https:\/\/zabnica.e-przedszkolak.eu\/?p=4899"},"modified":"2024-04-05T12:02:12","modified_gmt":"2024-04-05T10:02:12","slug":"dzien-matematyki","status":"publish","type":"post","link":"https:\/\/zabnica.e-przedszkolak.eu\/archiwum\/2024\/04\/05\/dzien-matematyki\/","title":{"rendered":"Dzie\u0144 matematyki"},"content":{"rendered":"<p>Dzie\u0144 Matematyki \u23f3 Ostatnio w przedszkolu obchodzili\u015bmy Dzie\u0144 kr\u00f3lowej nauk &#8211;&nbsp; Matematyki \ud83d\ude01 Dzieci podczas r\u00f3\u017cnych zada\u0144 i zabaw \u0107wiczy\u0142y swoje matematyczne umiej\u0119tno\u015bci \ud83d\udcaa\ud83d\udc4f<!--more--><\/p>\nngg_shortcode_0_placeholder\n","protected":false},"excerpt":{"rendered":"<p>Dzie\u0144 Matematyki \u23f3 Ostatnio w przedszkolu obchodzili\u015bmy Dzie\u0144 kr\u00f3lowej nauk &#8211;&nbsp; Matematyki \ud83d\ude01 Dzieci podczas r\u00f3\u017cnych zada\u0144 i zabaw \u0107wiczy\u0142y swoje matematyczne umiej\u0119tno\u015bci \ud83d\udcaa\ud83d\udc4f<\/p>\n","protected":false},"author":3,"featured_media":4908,"comment_status":"open","ping_status":"open","sticky":false,"template":"","format":"standard","meta":{"ngg_post_thumbnail":0,"footnotes":""},"categories":[1],"tags":[],"class_list":["post-4899","post","type-post","status-publish","format-standard","has-post-thumbnail","hentry","category-bez-kategorii"],"_links":{"self":[{"href":"https:\/\/zabnica.e-przedszkolak.eu\/archiwum\/wp-json\/wp\/v2\/posts\/4899","targetHints":{"allow":["GET"]}}],"collection":[{"href":"https:\/\/zabnica.e-przedszkolak.eu\/archiwum\/wp-json\/wp\/v2\/posts"}],"about":[{"href":"https:\/\/zabnica.e-przedszkolak.eu\/archiwum\/wp-json\/wp\/v2\/types\/post"}],"author":[{"embeddable":true,"href":"https:\/\/zabnica.e-przedszkolak.eu\/archiwum\/wp-json\/wp\/v2\/users\/3"}],"replies":[{"embeddable":true,"href":"https:\/\/zabnica.e-przedszkolak.eu\/archiwum\/wp-json\/wp\/v2\/comments?post=4899"}],"version-history":[{"count":1,"href":"https:\/\/zabnica.e-przedszkolak.eu\/archiwum\/wp-json\/wp\/v2\/posts\/4899\/revisions"}],"predecessor-version":[{"id":4909,"href":"https:\/\/zabnica.e-przedszkolak.eu\/archiwum\/wp-json\/wp\/v2\/posts\/4899\/revisions\/4909"}],"wp:featuredmedia":[{"embeddable":true,"href":"https:\/\/zabnica.e-przedszkolak.eu\/archiwum\/wp-json\/wp\/v2\/media\/4908"}],"wp:attachment":[{"href":"https:\/\/zabnica.e-przedszkolak.eu\/archiwum\/wp-json\/wp\/v2\/media?parent=4899"}],"wp:term":[{"taxonomy":"category","embeddable":true,"href":"https:\/\/zabnica.e-przedszkolak.eu\/archiwum\/wp-json\/wp\/v2\/categories?post=4899"},{"taxonomy":"post_tag","embeddable":true,"href":"https:\/\/zabnica.e-przedszkolak.eu\/archiwum\/wp-json\/wp\/v2\/tags?post=4899"}],"curies":[{"name":"wp","href":"https:\/\/api.w.org\/{rel}","templated":true}]}}