 {"id":4999,"date":"2024-05-13T17:19:54","date_gmt":"2024-05-13T15:19:54","guid":{"rendered":"https:\/\/zabnica.e-przedszkolak.eu\/?p=4999"},"modified":"2024-05-13T17:19:54","modified_gmt":"2024-05-13T15:19:54","slug":"alicja-w-krainie-czarow","status":"publish","type":"post","link":"https:\/\/zabnica.e-przedszkolak.eu\/archiwum\/2024\/05\/13\/alicja-w-krainie-czarow\/","title":{"rendered":"Alicja w Krainie Czar\u00f3w&#8230;"},"content":{"rendered":"<p>Do krainy czar\u00f3w p\u0142y\u0144my p\u00f3ki czas,<br \/>\nDo krainy czar\u00f3w, gdzie marzenie trwa &#8230;!<\/p>\n<p>&nbsp;<\/p>\n<p style=\"text-align: justify;\"><!--more-->W kwietniu przedszkolaki wybra\u0142y si\u0119 na wycieczk\u0119 do MCK w \u017bywcu na spektakl pt. &#8222;Alicja w Krainie Czar\u00f3w&#8221;. Celem wycieczki by\u0142o mi\u0119dzy innymi rozbudzenie zainteresowania kultura oraz wyzwalanie pozytywnych uczu\u0107 i emocji. S\u0142odkie u\u015bmiechy oraz gromkie brawa po spektaklu s\u0105 z pewno\u015bci\u0105 dowodem na to, \u017ce wycieczk\u0119 mo\u017cna uzna\u0107 za udan\u0105\ud83d\ude01<\/p>\nngg_shortcode_0_placeholder\n","protected":false},"excerpt":{"rendered":"<p>Do krainy czar\u00f3w p\u0142y\u0144my p\u00f3ki czas, Do krainy czar\u00f3w, gdzie marzenie trwa &#8230;! &nbsp;<\/p>\n","protected":false},"author":3,"featured_media":5013,"comment_status":"open","ping_status":"open","sticky":false,"template":"","format":"standard","meta":{"ngg_post_thumbnail":0,"footnotes":""},"categories":[1],"tags":[],"class_list":["post-4999","post","type-post","status-publish","format-standard","has-post-thumbnail","hentry","category-bez-kategorii"],"_links":{"self":[{"href":"https:\/\/zabnica.e-przedszkolak.eu\/archiwum\/wp-json\/wp\/v2\/posts\/4999","targetHints":{"allow":["GET"]}}],"collection":[{"href":"https:\/\/zabnica.e-przedszkolak.eu\/archiwum\/wp-json\/wp\/v2\/posts"}],"about":[{"href":"https:\/\/zabnica.e-przedszkolak.eu\/archiwum\/wp-json\/wp\/v2\/types\/post"}],"author":[{"embeddable":true,"href":"https:\/\/zabnica.e-przedszkolak.eu\/archiwum\/wp-json\/wp\/v2\/users\/3"}],"replies":[{"embeddable":true,"href":"https:\/\/zabnica.e-przedszkolak.eu\/archiwum\/wp-json\/wp\/v2\/comments?post=4999"}],"version-history":[{"count":2,"href":"https:\/\/zabnica.e-przedszkolak.eu\/archiwum\/wp-json\/wp\/v2\/posts\/4999\/revisions"}],"predecessor-version":[{"id":5015,"href":"https:\/\/zabnica.e-przedszkolak.eu\/archiwum\/wp-json\/wp\/v2\/posts\/4999\/revisions\/5015"}],"wp:featuredmedia":[{"embeddable":true,"href":"https:\/\/zabnica.e-przedszkolak.eu\/archiwum\/wp-json\/wp\/v2\/media\/5013"}],"wp:attachment":[{"href":"https:\/\/zabnica.e-przedszkolak.eu\/archiwum\/wp-json\/wp\/v2\/media?parent=4999"}],"wp:term":[{"taxonomy":"category","embeddable":true,"href":"https:\/\/zabnica.e-przedszkolak.eu\/archiwum\/wp-json\/wp\/v2\/categories?post=4999"},{"taxonomy":"post_tag","embeddable":true,"href":"https:\/\/zabnica.e-przedszkolak.eu\/archiwum\/wp-json\/wp\/v2\/tags?post=4999"}],"curies":[{"name":"wp","href":"https:\/\/api.w.org\/{rel}","templated":true}]}}