 {"id":5017,"date":"2024-05-27T17:16:48","date_gmt":"2024-05-27T15:16:48","guid":{"rendered":"https:\/\/zabnica.e-przedszkolak.eu\/?p=5017"},"modified":"2024-05-27T17:16:48","modified_gmt":"2024-05-27T15:16:48","slug":"piknik-rodzinny-2","status":"publish","type":"post","link":"https:\/\/zabnica.e-przedszkolak.eu\/archiwum\/2024\/05\/27\/piknik-rodzinny-2\/","title":{"rendered":"Piknik rodzinny"},"content":{"rendered":"<p dir=\"ltr\" style=\"text-align: justify;\">26 maja 2024 r. na boisku sportowym w \u017babnicy odby\u0142 si\u0119 Piknik Rodzinny organizowany przez Przedszkole w \u017babnicy . By\u0142a to wspania\u0142a okazja do \u015bwi\u0119towania zar\u00f3wno Dnia Matki, kt\u00f3ry dzi\u015b obchodzimy, jak i nadchodz\u0105cego Dnia Ojca.<!--more--><\/p>\n<p dir=\"ltr\" style=\"text-align: justify;\">Na rozpocz\u0119cie pikniku Dyrektor Przedszkola w \u017babnicy Maria Figura Motyka i W\u00f3jt Gminy W\u0119gierska G\u00f3rka Piotr Tyrlik, w imieniu wszystkich dzieci z\u0142o\u017cyli rodzicom pi\u0119kne \u017cyczenia i zaprosili do wsp\u00f3lnej zabawy.<\/p>\n<p dir=\"ltr\" style=\"text-align: justify;\">Na uczestnik\u00f3w pikniku czeka\u0142a masa atrakcji i wspania\u0142ych wyst\u0119p\u00f3w. Jako pierwsze na scenie zaprezentowa\u0142y si\u0119 przedszkolaki z \u017babnicy, kt\u00f3re sw\u00f3j wyst\u0119p zadedykowa\u0142y swoim mamusiom i tatusiom. By\u0142o to wyj\u0105tkowe przedstawienie, w kt\u00f3re mali arty\u015bci w\u0142o\u017cyli ogrom serca.<\/p>\n<p dir=\"ltr\" style=\"text-align: justify;\">Nast\u0119pnie na scenie zaprezentowali si\u0119 kolejno: Zesp\u00f3\u0142 Regionalny Ma\u0142y Ha\u015bnik, Konrad Jurasz z uczniami, Parafialna Orkiestra D\u0119ta Barka z \u017babnicy, dziewczynki ze szko\u0142y ta\u0144ca Swing oraz Marcin Biegun wraz z Gabriel\u0105 Biegun, Tomaszem Motyk\u0105 i Konradem Juraszem.<\/p>\n<p dir=\"ltr\" style=\"text-align: justify;\">Dmucha\u0144ce, licytacje, s\u0142odko\u015bci, pokazy OSP \u017babnica, punkt Hufca ZHP W\u0119gierska G\u00f3rka oraz wiele, wiele innych sprawi\u0142y, \u017ce dzieci mi\u0119dzy wyst\u0119pami sp\u0119dzi\u0142y mi\u0142o czas ze swoimi najbli\u017cszymi.<\/p>\n<p dir=\"ltr\" style=\"text-align: justify;\">To by\u0142 wspania\u0142y dzie\u0144, przepe\u0142niony ogromem szcz\u0119\u015bcia. Do zobaczenia za rok!<\/p>\nngg_shortcode_0_placeholder\n","protected":false},"excerpt":{"rendered":"<p>26 maja 2024 r. na boisku sportowym w \u017babnicy odby\u0142 si\u0119 Piknik Rodzinny organizowany przez Przedszkole w \u017babnicy . By\u0142a to wspania\u0142a okazja do \u015bwi\u0119towania zar\u00f3wno Dnia Matki, kt\u00f3ry dzi\u015b obchodzimy, jak i nadchodz\u0105cego Dnia Ojca.<\/p>\n","protected":false},"author":3,"featured_media":5046,"comment_status":"open","ping_status":"open","sticky":false,"template":"","format":"standard","meta":{"ngg_post_thumbnail":0,"footnotes":""},"categories":[1],"tags":[],"class_list":["post-5017","post","type-post","status-publish","format-standard","has-post-thumbnail","hentry","category-bez-kategorii"],"_links":{"self":[{"href":"https:\/\/zabnica.e-przedszkolak.eu\/archiwum\/wp-json\/wp\/v2\/posts\/5017","targetHints":{"allow":["GET"]}}],"collection":[{"href":"https:\/\/zabnica.e-przedszkolak.eu\/archiwum\/wp-json\/wp\/v2\/posts"}],"about":[{"href":"https:\/\/zabnica.e-przedszkolak.eu\/archiwum\/wp-json\/wp\/v2\/types\/post"}],"author":[{"embeddable":true,"href":"https:\/\/zabnica.e-przedszkolak.eu\/archiwum\/wp-json\/wp\/v2\/users\/3"}],"replies":[{"embeddable":true,"href":"https:\/\/zabnica.e-przedszkolak.eu\/archiwum\/wp-json\/wp\/v2\/comments?post=5017"}],"version-history":[{"count":1,"href":"https:\/\/zabnica.e-przedszkolak.eu\/archiwum\/wp-json\/wp\/v2\/posts\/5017\/revisions"}],"predecessor-version":[{"id":5047,"href":"https:\/\/zabnica.e-przedszkolak.eu\/archiwum\/wp-json\/wp\/v2\/posts\/5017\/revisions\/5047"}],"wp:featuredmedia":[{"embeddable":true,"href":"https:\/\/zabnica.e-przedszkolak.eu\/archiwum\/wp-json\/wp\/v2\/media\/5046"}],"wp:attachment":[{"href":"https:\/\/zabnica.e-przedszkolak.eu\/archiwum\/wp-json\/wp\/v2\/media?parent=5017"}],"wp:term":[{"taxonomy":"category","embeddable":true,"href":"https:\/\/zabnica.e-przedszkolak.eu\/archiwum\/wp-json\/wp\/v2\/categories?post=5017"},{"taxonomy":"post_tag","embeddable":true,"href":"https:\/\/zabnica.e-przedszkolak.eu\/archiwum\/wp-json\/wp\/v2\/tags?post=5017"}],"curies":[{"name":"wp","href":"https:\/\/api.w.org\/{rel}","templated":true}]}}