 {"id":5053,"date":"2024-06-10T12:56:30","date_gmt":"2024-06-10T10:56:30","guid":{"rendered":"https:\/\/zabnica.e-przedszkolak.eu\/?p=5053"},"modified":"2024-06-10T12:56:30","modified_gmt":"2024-06-10T10:56:30","slug":"wycieczka-do-zoo-w-ostrawie-%f0%9f%a6%a7%f0%9f%a6%92%f0%9f%90%98","status":"publish","type":"post","link":"https:\/\/zabnica.e-przedszkolak.eu\/archiwum\/2024\/06\/10\/wycieczka-do-zoo-w-ostrawie-%f0%9f%a6%a7%f0%9f%a6%92%f0%9f%90%98\/","title":{"rendered":"Wycieczka do ZOO w Ostrawie \ud83e\udda7\ud83e\udd92\ud83d\udc18"},"content":{"rendered":"<p>4 czerwca nasze przedszkolaki ze starszych grup odwiedzi\u0142y Zoo. Mimo troch\u0119 kapry\u015bnej pogody dzieci po raz kolejny udowadnia\u0142y jakimi s\u0105 dzielnymi podr\u00f3\u017cnikami \ud83d\udc95\ud83d\udc4f\ud83d\udcaa<\/p>\n<p><!--more--><\/p>\nngg_shortcode_0_placeholder\n","protected":false},"excerpt":{"rendered":"<p>4 czerwca nasze przedszkolaki ze starszych grup odwiedzi\u0142y Zoo. Mimo troch\u0119 kapry\u015bnej pogody dzieci po raz kolejny udowadnia\u0142y jakimi s\u0105 dzielnymi podr\u00f3\u017cnikami \ud83d\udc95\ud83d\udc4f\ud83d\udcaa<\/p>\n","protected":false},"author":3,"featured_media":5069,"comment_status":"open","ping_status":"open","sticky":false,"template":"","format":"standard","meta":{"ngg_post_thumbnail":0,"footnotes":""},"categories":[1],"tags":[],"class_list":["post-5053","post","type-post","status-publish","format-standard","has-post-thumbnail","hentry","category-bez-kategorii"],"_links":{"self":[{"href":"https:\/\/zabnica.e-przedszkolak.eu\/archiwum\/wp-json\/wp\/v2\/posts\/5053","targetHints":{"allow":["GET"]}}],"collection":[{"href":"https:\/\/zabnica.e-przedszkolak.eu\/archiwum\/wp-json\/wp\/v2\/posts"}],"about":[{"href":"https:\/\/zabnica.e-przedszkolak.eu\/archiwum\/wp-json\/wp\/v2\/types\/post"}],"author":[{"embeddable":true,"href":"https:\/\/zabnica.e-przedszkolak.eu\/archiwum\/wp-json\/wp\/v2\/users\/3"}],"replies":[{"embeddable":true,"href":"https:\/\/zabnica.e-przedszkolak.eu\/archiwum\/wp-json\/wp\/v2\/comments?post=5053"}],"version-history":[{"count":2,"href":"https:\/\/zabnica.e-przedszkolak.eu\/archiwum\/wp-json\/wp\/v2\/posts\/5053\/revisions"}],"predecessor-version":[{"id":5071,"href":"https:\/\/zabnica.e-przedszkolak.eu\/archiwum\/wp-json\/wp\/v2\/posts\/5053\/revisions\/5071"}],"wp:featuredmedia":[{"embeddable":true,"href":"https:\/\/zabnica.e-przedszkolak.eu\/archiwum\/wp-json\/wp\/v2\/media\/5069"}],"wp:attachment":[{"href":"https:\/\/zabnica.e-przedszkolak.eu\/archiwum\/wp-json\/wp\/v2\/media?parent=5053"}],"wp:term":[{"taxonomy":"category","embeddable":true,"href":"https:\/\/zabnica.e-przedszkolak.eu\/archiwum\/wp-json\/wp\/v2\/categories?post=5053"},{"taxonomy":"post_tag","embeddable":true,"href":"https:\/\/zabnica.e-przedszkolak.eu\/archiwum\/wp-json\/wp\/v2\/tags?post=5053"}],"curies":[{"name":"wp","href":"https:\/\/api.w.org\/{rel}","templated":true}]}}