 {"id":5099,"date":"2024-09-10T16:06:20","date_gmt":"2024-09-10T14:06:20","guid":{"rendered":"https:\/\/zabnica.e-przedszkolak.eu\/?p=5099"},"modified":"2024-09-10T16:06:20","modified_gmt":"2024-09-10T14:06:20","slug":"ankieta-dla-mieszkancow-powiatu-zywieckiego-dotyczaca-stanu-zdrowia-psychicznego","status":"publish","type":"post","link":"https:\/\/zabnica.e-przedszkolak.eu\/archiwum\/2024\/09\/10\/ankieta-dla-mieszkancow-powiatu-zywieckiego-dotyczaca-stanu-zdrowia-psychicznego\/","title":{"rendered":"Ankieta dla mieszka\u0144c\u00f3w Powiatu \u017bywieckiego dotycz\u0105ca stanu zdrowia psychicznego"},"content":{"rendered":"<div style=\"text-align: justify;\">W zwi\u0105zku z wej\u015bciem w \u017cycie rozporz\u0105dzenia Rady Ministr\u00f3w z dnia 30 pa\u017adziernika 2023r. w sprawie Narodowego Programu Ochrony Zdrowia Psychicznego na lata 2023-2030 (Dz. U. z 2023r. poz. 2480) Powiat \u017bywiecki przygotowuje si\u0119 do stworzenia Powiatowego Programu Ochrony Zdrowia Psychicznego. Jego celem jest przede wszystkim zwr\u00f3cenie uwagi na sytuacj\u0119 zdrowotn\u0105 mieszka\u0144c\u00f3w Powiatu \u017bywieckiego oraz przeprowadzenie analizy potrzeb i dost\u0119pno\u015bci ka\u017cdego rodzaju \u015bwiadcze\u0144, a tak\u017ce spe\u0142nianie zada\u0144 zawartych w programie, by u\u015bwiadamia\u0107 spo\u0142ecze\u0144stwo o przyczynach, ryzyku oraz zagro\u017ceniach zwi\u0105zanych ze<\/div>\n<p><!--more--><\/p>\n<div style=\"text-align: justify;\">zdrowiem psychicznym.<\/div>\n<div style=\"text-align: justify;\">W zwi\u0105zku z powy\u017cszym Starostwo Powiatowe w \u017bywcu uruchamia anonimow\u0105 ankiet\u0119, kt\u00f3ra dostarczy nam informacji o Pa\u0144stwa indywidualnym podej\u015bciu do zdrowia psychicznego, wiedzy na temat dost\u0119pnych form pomocy oraz informacji na co powinni\u015bmy r\u00f3wnie\u017c zwr\u00f3ci\u0107 uwag\u0119.<\/div>\n<div style=\"text-align: justify;\">Bardzo prosimy o przekazanie informacji nauczycielom oraz rodzicom i pe\u0142noletnim uczniom w spos\u00f3b przyj\u0119ty w szkole (poprzez informacj\u0119 na radach pedagogicznych, spotka\u0144 z rodzicami) oraz umieszczenie tej informacji na stronie internetowej Pa\u0144stwa szko\u0142y.<\/div>\n<div style=\"text-align: justify;\">&nbsp;<\/div>\n<div style=\"text-align: justify;\">Ankieta dotyczy pe\u0142noletnich mieszka\u0144c\u00f3w Powiatu \u017bywieckiego i jest anonimowa.<\/div>\n<div style=\"text-align: justify;\">&nbsp;<\/div>\n<div style=\"text-align: justify;\">Ankieta jest dost\u0119pna do 15 X b.r. pozyskane dane pozwol\u0105 na efektywnie zaplanowa\u0107 dalsze wsparcie w obszarze zdrowia psychicznego, je\u015bli chodzi o dost\u0119p do psychologa, psychiatry.<\/div>\n<div>&nbsp;<\/div>\n<div>LINK DO ANKIETY:<\/div>\n<div>&nbsp;<\/div>\n<div><a class=\"v1moz-txt-link-freetext\" href=\"https:\/\/docs.google.com\/forms\/d\/1nkwLOo0VJ0efNXvg1tYoC19sW77LXttRkCeL5eD2c_k\/viewform?edit_requested=true\" target=\"_blank\" rel=\"noopener noreferrer\">https:\/\/docs.google.com\/forms\/d\/1nkwLOo0VJ0efNXvg1tYoC19sW77LXttRkCeL5eD2c_k\/viewform?edit_requested=true<\/a><\/div>\n<div>&nbsp;<\/div>\n<div>&nbsp;<\/div>\n<div>Zach\u0119camy do udzia\u0142u w ankiecie oraz propagowania jej w\u015br\u00f3d bliskich, znajomych, przyjaci\u00f3\u0142 z g\u00f3ry dzi\u0119kujemy za po\u015bwi\u0119cony czas!<\/div>\n","protected":false},"excerpt":{"rendered":"<p>W zwi\u0105zku z wej\u015bciem w \u017cycie rozporz\u0105dzenia Rady Ministr\u00f3w z dnia 30 pa\u017adziernika 2023r. w sprawie Narodowego Programu Ochrony Zdrowia Psychicznego na lata 2023-2030 (Dz. U. z 2023r. poz. 2480) Powiat \u017bywiecki przygotowuje si\u0119 do stworzenia Powiatowego Programu Ochrony Zdrowia Psychicznego. Jego celem jest przede wszystkim zwr\u00f3cenie uwagi na sytuacj\u0119 zdrowotn\u0105 mieszka\u0144c\u00f3w Powiatu \u017bywieckiego oraz [&hellip;]<\/p>\n","protected":false},"author":3,"featured_media":3477,"comment_status":"open","ping_status":"open","sticky":false,"template":"","format":"standard","meta":{"ngg_post_thumbnail":0,"footnotes":""},"categories":[1],"tags":[],"class_list":["post-5099","post","type-post","status-publish","format-standard","has-post-thumbnail","hentry","category-bez-kategorii"],"_links":{"self":[{"href":"https:\/\/zabnica.e-przedszkolak.eu\/archiwum\/wp-json\/wp\/v2\/posts\/5099","targetHints":{"allow":["GET"]}}],"collection":[{"href":"https:\/\/zabnica.e-przedszkolak.eu\/archiwum\/wp-json\/wp\/v2\/posts"}],"about":[{"href":"https:\/\/zabnica.e-przedszkolak.eu\/archiwum\/wp-json\/wp\/v2\/types\/post"}],"author":[{"embeddable":true,"href":"https:\/\/zabnica.e-przedszkolak.eu\/archiwum\/wp-json\/wp\/v2\/users\/3"}],"replies":[{"embeddable":true,"href":"https:\/\/zabnica.e-przedszkolak.eu\/archiwum\/wp-json\/wp\/v2\/comments?post=5099"}],"version-history":[{"count":2,"href":"https:\/\/zabnica.e-przedszkolak.eu\/archiwum\/wp-json\/wp\/v2\/posts\/5099\/revisions"}],"predecessor-version":[{"id":5101,"href":"https:\/\/zabnica.e-przedszkolak.eu\/archiwum\/wp-json\/wp\/v2\/posts\/5099\/revisions\/5101"}],"wp:featuredmedia":[{"embeddable":true,"href":"https:\/\/zabnica.e-przedszkolak.eu\/archiwum\/wp-json\/wp\/v2\/media\/3477"}],"wp:attachment":[{"href":"https:\/\/zabnica.e-przedszkolak.eu\/archiwum\/wp-json\/wp\/v2\/media?parent=5099"}],"wp:term":[{"taxonomy":"category","embeddable":true,"href":"https:\/\/zabnica.e-przedszkolak.eu\/archiwum\/wp-json\/wp\/v2\/categories?post=5099"},{"taxonomy":"post_tag","embeddable":true,"href":"https:\/\/zabnica.e-przedszkolak.eu\/archiwum\/wp-json\/wp\/v2\/tags?post=5099"}],"curies":[{"name":"wp","href":"https:\/\/api.w.org\/{rel}","templated":true}]}}