 {"id":5119,"date":"2024-09-17T18:30:56","date_gmt":"2024-09-17T16:30:56","guid":{"rendered":"https:\/\/zabnica.e-przedszkolak.eu\/?p=5119"},"modified":"2024-09-17T18:30:56","modified_gmt":"2024-09-17T16:30:56","slug":"nie-rozmawiaj-z-nieznajomym-spotkanie-z-przedszkolakami","status":"publish","type":"post","link":"https:\/\/zabnica.e-przedszkolak.eu\/archiwum\/2024\/09\/17\/nie-rozmawiaj-z-nieznajomym-spotkanie-z-przedszkolakami\/","title":{"rendered":"&#8222;Nie rozmawiaj z nieznajomym&#8221; &#8211; spotkanie z przedszkolakami"},"content":{"rendered":"<p style=\"text-align: justify;\">Dzisiaj w naszej bibliotece odby\u0142a si\u0119 lekcja biblioteczna dla przedszkolak\u00f3w na temat &#8221; Nie rozmawiaj z nieznajomym &#8222;. Podczas spotkania dzieci mia\u0142y okazj\u0119 zapozna\u0107 si\u0119 z wa\u017cnymi zasadami dotycz\u0105cymi unikania kontaktu z osobami nieznajomymi, kt\u00f3re mog\u0105 pojawi\u0107 si\u0119 w ich codziennym \u017cyciu. Na pocz\u0105tku przeczytali\u015bmy ksi\u0105\u017ck\u0119 Ma\u0142gorzaty Strza\u0142kowskiej pt. &#8222;Nie rozmawiaj z nieznajomym&#8221;. Historia przedstawiona w ksi\u0105\u017cce jest doskona\u0142ym punktem wyj\u015bcia do rozmowy o tym, jak nale\u017cy si\u0119 zachowa\u0107, gdy kto\u015b nieznany pr\u00f3buje nawi\u0105za\u0107 kontakt. Ksi\u0105\u017cka w dost\u0119pny spos\u00f3b wyja\u015bnia\u0142a, dlaczego nie nale\u017cy ufa\u0107 osobom, kt\u00f3rych nie znamy, a tak\u017ce co zrobi\u0107, je\u015bli znajdziemy si\u0119 w takiej sytuacji.<!--more-->Po przeczytaniu ksi\u0105\u017cki przedszkolaki wzi\u0119\u0142y udzia\u0142 w dyskusji na temat tego, komu mog\u0105 zaufa\u0107 w r\u00f3\u017cnych sytuacjach. Dzieci wymienia\u0142y osoby, kt\u00f3re zawsze mog\u0105 im pom\u00f3c, takie jak rodzice, dziadkowie, nauczyciele czy policjanci. Zaj\u0119cia pozwoli\u0142y im lepiej zrozumie\u0107, jak wa\u017cne jest trzymanie si\u0119 zasad bezpiecze\u0144stwa.<br \/>\nKolejnym punktem zaj\u0119\u0107 by\u0142o wykonanie pracy plastycznej. Ka\u017cde dziecko otrzyma\u0142o kartk\u0119, kt\u00f3r\u0105 podzieli\u0142o na dwie cz\u0119\u015bci. Na jednej po\u0142owie dzieci odrysowa\u0142y swoj\u0105 d\u0142o\u0144, a wewn\u0105trz palc\u00f3w napisa\u0142y lub narysowa\u0142y osoby, kt\u00f3rym mog\u0105 zaufa\u0107. Na drugiej po\u0142owie kartki znalaz\u0142a si\u0119 sylweta nieznajomego, kt\u00f3r\u0105 dzieci przekre\u015bli\u0142y, symbolizuj\u0105c, \u017ce nie nale\u017cy rozmawia\u0107 z nieznanymi osobami. Zaj\u0119cia zako\u0144czy\u0142y si\u0119 om\u00f3wieniem prac oraz powt\u00f3rzeniem najwa\u017cniejszych zasad.<br \/>\nDzieci aktywnie uczestniczy\u0142y w dyskusji i wykaza\u0142y si\u0119 du\u017c\u0105 wiedz\u0105 na temat bezpiecze\u0144stwa.<\/p>\nngg_shortcode_0_placeholder\n","protected":false},"excerpt":{"rendered":"<p>Dzisiaj w naszej bibliotece odby\u0142a si\u0119 lekcja biblioteczna dla przedszkolak\u00f3w na temat &#8221; Nie rozmawiaj z nieznajomym &#8222;. Podczas spotkania dzieci mia\u0142y okazj\u0119 zapozna\u0107 si\u0119 z wa\u017cnymi zasadami dotycz\u0105cymi unikania kontaktu z osobami nieznajomymi, kt\u00f3re mog\u0105 pojawi\u0107 si\u0119 w ich codziennym \u017cyciu. Na pocz\u0105tku przeczytali\u015bmy ksi\u0105\u017ck\u0119 Ma\u0142gorzaty Strza\u0142kowskiej pt. &#8222;Nie rozmawiaj z nieznajomym&#8221;. Historia przedstawiona [&hellip;]<\/p>\n","protected":false},"author":3,"featured_media":5127,"comment_status":"open","ping_status":"open","sticky":false,"template":"","format":"standard","meta":{"ngg_post_thumbnail":0,"footnotes":""},"categories":[1],"tags":[],"class_list":["post-5119","post","type-post","status-publish","format-standard","has-post-thumbnail","hentry","category-bez-kategorii"],"_links":{"self":[{"href":"https:\/\/zabnica.e-przedszkolak.eu\/archiwum\/wp-json\/wp\/v2\/posts\/5119","targetHints":{"allow":["GET"]}}],"collection":[{"href":"https:\/\/zabnica.e-przedszkolak.eu\/archiwum\/wp-json\/wp\/v2\/posts"}],"about":[{"href":"https:\/\/zabnica.e-przedszkolak.eu\/archiwum\/wp-json\/wp\/v2\/types\/post"}],"author":[{"embeddable":true,"href":"https:\/\/zabnica.e-przedszkolak.eu\/archiwum\/wp-json\/wp\/v2\/users\/3"}],"replies":[{"embeddable":true,"href":"https:\/\/zabnica.e-przedszkolak.eu\/archiwum\/wp-json\/wp\/v2\/comments?post=5119"}],"version-history":[{"count":1,"href":"https:\/\/zabnica.e-przedszkolak.eu\/archiwum\/wp-json\/wp\/v2\/posts\/5119\/revisions"}],"predecessor-version":[{"id":5128,"href":"https:\/\/zabnica.e-przedszkolak.eu\/archiwum\/wp-json\/wp\/v2\/posts\/5119\/revisions\/5128"}],"wp:featuredmedia":[{"embeddable":true,"href":"https:\/\/zabnica.e-przedszkolak.eu\/archiwum\/wp-json\/wp\/v2\/media\/5127"}],"wp:attachment":[{"href":"https:\/\/zabnica.e-przedszkolak.eu\/archiwum\/wp-json\/wp\/v2\/media?parent=5119"}],"wp:term":[{"taxonomy":"category","embeddable":true,"href":"https:\/\/zabnica.e-przedszkolak.eu\/archiwum\/wp-json\/wp\/v2\/categories?post=5119"},{"taxonomy":"post_tag","embeddable":true,"href":"https:\/\/zabnica.e-przedszkolak.eu\/archiwum\/wp-json\/wp\/v2\/tags?post=5119"}],"curies":[{"name":"wp","href":"https:\/\/api.w.org\/{rel}","templated":true}]}}