 {"id":5129,"date":"2024-09-17T18:34:51","date_gmt":"2024-09-17T16:34:51","guid":{"rendered":"https:\/\/zabnica.e-przedszkolak.eu\/?p=5129"},"modified":"2024-09-17T18:34:51","modified_gmt":"2024-09-17T16:34:51","slug":"dzien-kropki","status":"publish","type":"post","link":"https:\/\/zabnica.e-przedszkolak.eu\/archiwum\/2024\/09\/17\/dzien-kropki\/","title":{"rendered":"Dzie\u0144 kropki"},"content":{"rendered":"<p dir=\"ltr\" style=\"text-align: justify;\">\ud83d\ude0115 wrze\u015bnia obchodzimy \u015bwi\u0119to kreatywno\u015bci, czyli Mi\u0119dzynarodowy Dzie\u0144 Kropki. Przedszkolaki \u015bwi\u0119towa\u0142y ju\u017c w pi\u0105tek \ud83e\udd73&nbsp;Wszystko zacz\u0119\u0142o si\u0119 od bajki pt. \u201eThe Dot\u201d (Kropka), autorstwa kanadyjskiego pisarza i ilustratora ksi\u0105\u017cek dla dzieci \u2013 Petera H. Reynoldsa. Bohaterk\u0105 bajki jest ma\u0142a Vashti, kt\u00f3ra dzi\u0119ki malutkiej kropce i doskona\u0142ej \u201epani od plastyki\u201d pozna\u0142a i uwierzy\u0142a w sw\u00f3j talent i mo\u017cliwo\u015bci.<!--more-->W \u015bwi\u0119to kreatywno\u015bci i talent\u00f3w przedszkolaki ubrane w kropeczki bawi\u0142y si\u0119, ta\u0144czyly i tworzy\u0142y prace plastyczne, kt\u00f3rych motywem przewodnim by\u0142a kropka.<\/p>\nngg_shortcode_0_placeholder\n","protected":false},"excerpt":{"rendered":"<p>\ud83d\ude0115 wrze\u015bnia obchodzimy \u015bwi\u0119to kreatywno\u015bci, czyli Mi\u0119dzynarodowy Dzie\u0144 Kropki. Przedszkolaki \u015bwi\u0119towa\u0142y ju\u017c w pi\u0105tek \ud83e\udd73&nbsp;Wszystko zacz\u0119\u0142o si\u0119 od bajki pt. \u201eThe Dot\u201d (Kropka), autorstwa kanadyjskiego pisarza i ilustratora ksi\u0105\u017cek dla dzieci \u2013 Petera H. Reynoldsa. Bohaterk\u0105 bajki jest ma\u0142a Vashti, kt\u00f3ra dzi\u0119ki malutkiej kropce i doskona\u0142ej \u201epani od plastyki\u201d pozna\u0142a i uwierzy\u0142a w sw\u00f3j talent [&hellip;]<\/p>\n","protected":false},"author":3,"featured_media":5140,"comment_status":"open","ping_status":"open","sticky":false,"template":"","format":"standard","meta":{"ngg_post_thumbnail":0,"footnotes":""},"categories":[1],"tags":[],"class_list":["post-5129","post","type-post","status-publish","format-standard","has-post-thumbnail","hentry","category-bez-kategorii"],"_links":{"self":[{"href":"https:\/\/zabnica.e-przedszkolak.eu\/archiwum\/wp-json\/wp\/v2\/posts\/5129","targetHints":{"allow":["GET"]}}],"collection":[{"href":"https:\/\/zabnica.e-przedszkolak.eu\/archiwum\/wp-json\/wp\/v2\/posts"}],"about":[{"href":"https:\/\/zabnica.e-przedszkolak.eu\/archiwum\/wp-json\/wp\/v2\/types\/post"}],"author":[{"embeddable":true,"href":"https:\/\/zabnica.e-przedszkolak.eu\/archiwum\/wp-json\/wp\/v2\/users\/3"}],"replies":[{"embeddable":true,"href":"https:\/\/zabnica.e-przedszkolak.eu\/archiwum\/wp-json\/wp\/v2\/comments?post=5129"}],"version-history":[{"count":1,"href":"https:\/\/zabnica.e-przedszkolak.eu\/archiwum\/wp-json\/wp\/v2\/posts\/5129\/revisions"}],"predecessor-version":[{"id":5141,"href":"https:\/\/zabnica.e-przedszkolak.eu\/archiwum\/wp-json\/wp\/v2\/posts\/5129\/revisions\/5141"}],"wp:featuredmedia":[{"embeddable":true,"href":"https:\/\/zabnica.e-przedszkolak.eu\/archiwum\/wp-json\/wp\/v2\/media\/5140"}],"wp:attachment":[{"href":"https:\/\/zabnica.e-przedszkolak.eu\/archiwum\/wp-json\/wp\/v2\/media?parent=5129"}],"wp:term":[{"taxonomy":"category","embeddable":true,"href":"https:\/\/zabnica.e-przedszkolak.eu\/archiwum\/wp-json\/wp\/v2\/categories?post=5129"},{"taxonomy":"post_tag","embeddable":true,"href":"https:\/\/zabnica.e-przedszkolak.eu\/archiwum\/wp-json\/wp\/v2\/tags?post=5129"}],"curies":[{"name":"wp","href":"https:\/\/api.w.org\/{rel}","templated":true}]}}