 {"id":5143,"date":"2024-09-25T18:08:46","date_gmt":"2024-09-25T16:08:46","guid":{"rendered":"https:\/\/zabnica.e-przedszkolak.eu\/?p=5143"},"modified":"2024-09-25T18:08:46","modified_gmt":"2024-09-25T16:08:46","slug":"dzien-przedszkolaka-2","status":"publish","type":"post","link":"https:\/\/zabnica.e-przedszkolak.eu\/archiwum\/2024\/09\/25\/dzien-przedszkolaka-2\/","title":{"rendered":"Dzie\u0144 przedszkolaka"},"content":{"rendered":"<p dir=\"ltr\" style=\"text-align: justify;\">20 wrze\u015bnia &#8211; to dzie\u0144 wa\u017cny dla wszystkich przedszkolak\u00f3w w ca\u0142ej Polsce. \u015awi\u0119to to zosta\u0142o ustanowione, by podkre\u015bli\u0107 wag\u0119 edukacji przedszkolnej w rozwoju i edukacji dzieci i&nbsp; ma przyczyni\u0107 si\u0119 do popularyzacji wychowania przedszkolnego.<!--more--><\/p>\n<p dir=\"ltr\" style=\"text-align: justify;\">20.09.&nbsp; kolejny raz obchodzili\u015bmy w naszym przedszkolu \u015awi\u0119to Przedszkolaka. Tego dnia czeka\u0142o na dzieci wiele niespodzianek i atrakcji. Zosta\u0142y zaproszone do wsp\u00f3lnej zabawy, udzia\u0142u w konkursach i ta\u0144c\u00f3w przy ulubionych przebojach muzyki dla dzieci. Rado\u015b\u0107 i \u015bmiech \u015bwiadczy\u0142y o wspania\u0142ej zabawie.&nbsp;<\/p>\n<p dir=\"ltr\" style=\"text-align: center;\"><strong><em>\u201eKa\u017cdy przedszkolak dobrze wie,<\/em><\/strong><br \/>\n<strong><em>\u017ce kiedy 20 wrzesie\u0144 zbli\u017ca si\u0119,<\/em><\/strong><br \/>\n<strong><em>od najm\u0142odszego, a\u017c po starszaka,<\/em><\/strong><br \/>\n<strong><em>wszyscy \u015bwi\u0119tuj\u0105 Dzie\u0144 Przedszkolaka&#8221;<\/em><\/strong><\/p>\nngg_shortcode_0_placeholder\n","protected":false},"excerpt":{"rendered":"<p>20 wrze\u015bnia &#8211; to dzie\u0144 wa\u017cny dla wszystkich przedszkolak\u00f3w w ca\u0142ej Polsce. \u015awi\u0119to to zosta\u0142o ustanowione, by podkre\u015bli\u0107 wag\u0119 edukacji przedszkolnej w rozwoju i edukacji dzieci i&nbsp; ma przyczyni\u0107 si\u0119 do popularyzacji wychowania przedszkolnego.<\/p>\n","protected":false},"author":3,"featured_media":5161,"comment_status":"open","ping_status":"open","sticky":false,"template":"","format":"standard","meta":{"ngg_post_thumbnail":0,"footnotes":""},"categories":[1],"tags":[],"class_list":["post-5143","post","type-post","status-publish","format-standard","has-post-thumbnail","hentry","category-bez-kategorii"],"_links":{"self":[{"href":"https:\/\/zabnica.e-przedszkolak.eu\/archiwum\/wp-json\/wp\/v2\/posts\/5143","targetHints":{"allow":["GET"]}}],"collection":[{"href":"https:\/\/zabnica.e-przedszkolak.eu\/archiwum\/wp-json\/wp\/v2\/posts"}],"about":[{"href":"https:\/\/zabnica.e-przedszkolak.eu\/archiwum\/wp-json\/wp\/v2\/types\/post"}],"author":[{"embeddable":true,"href":"https:\/\/zabnica.e-przedszkolak.eu\/archiwum\/wp-json\/wp\/v2\/users\/3"}],"replies":[{"embeddable":true,"href":"https:\/\/zabnica.e-przedszkolak.eu\/archiwum\/wp-json\/wp\/v2\/comments?post=5143"}],"version-history":[{"count":1,"href":"https:\/\/zabnica.e-przedszkolak.eu\/archiwum\/wp-json\/wp\/v2\/posts\/5143\/revisions"}],"predecessor-version":[{"id":5162,"href":"https:\/\/zabnica.e-przedszkolak.eu\/archiwum\/wp-json\/wp\/v2\/posts\/5143\/revisions\/5162"}],"wp:featuredmedia":[{"embeddable":true,"href":"https:\/\/zabnica.e-przedszkolak.eu\/archiwum\/wp-json\/wp\/v2\/media\/5161"}],"wp:attachment":[{"href":"https:\/\/zabnica.e-przedszkolak.eu\/archiwum\/wp-json\/wp\/v2\/media?parent=5143"}],"wp:term":[{"taxonomy":"category","embeddable":true,"href":"https:\/\/zabnica.e-przedszkolak.eu\/archiwum\/wp-json\/wp\/v2\/categories?post=5143"},{"taxonomy":"post_tag","embeddable":true,"href":"https:\/\/zabnica.e-przedszkolak.eu\/archiwum\/wp-json\/wp\/v2\/tags?post=5143"}],"curies":[{"name":"wp","href":"https:\/\/api.w.org\/{rel}","templated":true}]}}