 {"id":5163,"date":"2024-09-25T18:11:35","date_gmt":"2024-09-25T16:11:35","guid":{"rendered":"https:\/\/zabnica.e-przedszkolak.eu\/?p=5163"},"modified":"2024-09-25T18:11:35","modified_gmt":"2024-09-25T16:11:35","slug":"poczytaj-mi-poczytajmy","status":"publish","type":"post","link":"https:\/\/zabnica.e-przedszkolak.eu\/archiwum\/2024\/09\/25\/poczytaj-mi-poczytajmy\/","title":{"rendered":"Poczytaj mi! Poczytajmy!"},"content":{"rendered":"<p dir=\"ltr\" style=\"text-align: justify;\">Dzi\u015b w Bibliotece w \u017babnicy odby\u0142o si\u0119 wyj\u0105tkowe wydarzenie \u201ePoczytaj mi! Poczytajmy! \u2013 g\u0142o\u015bne czytanie \u201eSeniorzy \u2013 dzieciom\u201d. W ramach tej inicjatywy do biblioteki przyby\u0142y dzieci z zaprzyja\u017anionego przedszkola. Odwiedzi\u0142y nas tak\u017ce trzy niezwyk\u0142e babcie \u2013 Marysia, Zosia i Weronika. Panie, z u\u015bmiechem i ciep\u0142em, czyta\u0142y dzieciom znane i lubiane ba\u015bnie, tworz\u0105c niezapomnian\u0105 atmosfer\u0119 pe\u0142n\u0105 magii i nostalgii.<!--more--><\/p>\n<p dir=\"ltr\" style=\"text-align: justify;\">Spotkanie by\u0142o nie tylko okazj\u0105 do wsp\u00f3lnego czytania, ale tak\u017ce przestrzeni\u0105 do rozmowy i zabawy. Babcie z ogromnym entuzjazmem opowiada\u0142y przedszkolakom o swoim dzieci\u0144stwie \u2013 czasach, w kt\u00f3rych brak by\u0142o nowoczesnych technologii, ale nie brakowa\u0142o fantazji i kreatywnych zabaw. Dzieci z zaciekawieniem s\u0142ucha\u0142y tych opowie\u015bci.<\/p>\n<p dir=\"ltr\" style=\"text-align: justify;\">Nie zabrak\u0142o tak\u017ce wsp\u00f3lnych \u015bpiew\u00f3w, wyliczanek i zabaw ruchowych, kt\u00f3re pozwoli\u0142y na zbli\u017cenie si\u0119 do siebie mimo r\u00f3\u017cnicy wieku. Te mi\u0119dzypokoleniowe spotkanie udowodni\u0142o, jak wiele mo\u017cemy si\u0119 od siebie nawzajem nauczy\u0107 i jak wa\u017cne jest piel\u0119gnowanie wi\u0119zi mi\u0119dzy najm\u0142odszymi a starszymi pokoleniami.<\/p>\n<p dir=\"ltr\" style=\"text-align: justify;\">G\u0142o\u015bne czytanie, jak pokazuje to wydarzenie, to co\u015b wi\u0119cej ni\u017c tylko opowiadanie historii. To doskona\u0142a metoda na rozbudzenie w dzieciach mi\u0142o\u015bci do ksi\u0105\u017cek i literatury. Im wcze\u015bniej najm\u0142odsi zetkn\u0105 si\u0119 z ksi\u0105\u017ckami, tym wi\u0119ksza szansa, \u017ce w przysz\u0142o\u015bci sami b\u0119d\u0105 po nie si\u0119ga\u0107. G\u0142o\u015bne czytanie wspiera rozw\u00f3j wyobra\u017ani, kreatywno\u015b\u0107 i umiej\u0119tno\u015b\u0107 koncentracji, a tak\u017ce wzmacnia relacje mi\u0119dzyludzkie \u2013 zw\u0142aszcza kiedy jest to aktywno\u015b\u0107 podejmowana wsp\u00f3lnie z rodzicami czy dziadkami.<\/p>\n<p dir=\"ltr\" style=\"text-align: justify;\">Wydarzenie odby\u0142o si\u0119 w ramach projektu \u201eKsi\u0105\u017cka \u0142\u0105czy pokolenia &#8211; animacja czytelnictwa poprzez dzia\u0142ania edukacyjno-artystyczne\u201d. Dofinansowano ze \u015brodk\u00f3w Ministra Kultury i Dziedzictwa Narodowego pochodz\u0105cych z Funduszu Promocji Kultury. Celem projektu jest promowanie czytelnictwa poprzez tworzenie przestrzeni do wsp\u00f3lnych aktywno\u015bci zwi\u0105zanych z literatur\u0105, kt\u00f3re anga\u017cuj\u0105 osoby w ka\u017cdym wieku.<\/p>\n<p dir=\"ltr\" style=\"text-align: justify;\">Dzisiejsze spotkanie w \u017babnicy z pewno\u015bci\u0105 zapadnie w pami\u0119\u0107 nie tylko dzieciom, ale r\u00f3wnie\u017c seniorom, kt\u00f3rzy na chwil\u0119 mogli wr\u00f3ci\u0107 do czas\u00f3w swojego dzieci\u0144stwa. To pi\u0119kny przyk\u0142ad, jak ksi\u0105\u017cki potrafi\u0105 \u0142\u0105czy\u0107 pokolenia i budowa\u0107 relacje oparte na wsp\u00f3lnych do\u015bwiadczeniach i warto\u015bciach.<\/p>\n<p dir=\"ltr\" style=\"text-align: justify;\">Ju\u017c teraz czekamy na kolejne takie spotkania, kt\u00f3re z pewno\u015bci\u0105 wnios\u0105 jeszcze wi\u0119cej u\u015bmiechu, wiedzy i literackiej rado\u015bci!<\/p>\nngg_shortcode_0_placeholder\n","protected":false},"excerpt":{"rendered":"<p>Dzi\u015b w Bibliotece w \u017babnicy odby\u0142o si\u0119 wyj\u0105tkowe wydarzenie \u201ePoczytaj mi! Poczytajmy! \u2013 g\u0142o\u015bne czytanie \u201eSeniorzy \u2013 dzieciom\u201d. W ramach tej inicjatywy do biblioteki przyby\u0142y dzieci z zaprzyja\u017anionego przedszkola. Odwiedzi\u0142y nas tak\u017ce trzy niezwyk\u0142e babcie \u2013 Marysia, Zosia i Weronika. Panie, z u\u015bmiechem i ciep\u0142em, czyta\u0142y dzieciom znane i lubiane ba\u015bnie, tworz\u0105c niezapomnian\u0105 atmosfer\u0119 pe\u0142n\u0105 [&hellip;]<\/p>\n","protected":false},"author":3,"featured_media":5178,"comment_status":"open","ping_status":"open","sticky":false,"template":"","format":"standard","meta":{"ngg_post_thumbnail":0,"footnotes":""},"categories":[1],"tags":[],"class_list":["post-5163","post","type-post","status-publish","format-standard","has-post-thumbnail","hentry","category-bez-kategorii"],"_links":{"self":[{"href":"https:\/\/zabnica.e-przedszkolak.eu\/archiwum\/wp-json\/wp\/v2\/posts\/5163","targetHints":{"allow":["GET"]}}],"collection":[{"href":"https:\/\/zabnica.e-przedszkolak.eu\/archiwum\/wp-json\/wp\/v2\/posts"}],"about":[{"href":"https:\/\/zabnica.e-przedszkolak.eu\/archiwum\/wp-json\/wp\/v2\/types\/post"}],"author":[{"embeddable":true,"href":"https:\/\/zabnica.e-przedszkolak.eu\/archiwum\/wp-json\/wp\/v2\/users\/3"}],"replies":[{"embeddable":true,"href":"https:\/\/zabnica.e-przedszkolak.eu\/archiwum\/wp-json\/wp\/v2\/comments?post=5163"}],"version-history":[{"count":1,"href":"https:\/\/zabnica.e-przedszkolak.eu\/archiwum\/wp-json\/wp\/v2\/posts\/5163\/revisions"}],"predecessor-version":[{"id":5179,"href":"https:\/\/zabnica.e-przedszkolak.eu\/archiwum\/wp-json\/wp\/v2\/posts\/5163\/revisions\/5179"}],"wp:featuredmedia":[{"embeddable":true,"href":"https:\/\/zabnica.e-przedszkolak.eu\/archiwum\/wp-json\/wp\/v2\/media\/5178"}],"wp:attachment":[{"href":"https:\/\/zabnica.e-przedszkolak.eu\/archiwum\/wp-json\/wp\/v2\/media?parent=5163"}],"wp:term":[{"taxonomy":"category","embeddable":true,"href":"https:\/\/zabnica.e-przedszkolak.eu\/archiwum\/wp-json\/wp\/v2\/categories?post=5163"},{"taxonomy":"post_tag","embeddable":true,"href":"https:\/\/zabnica.e-przedszkolak.eu\/archiwum\/wp-json\/wp\/v2\/tags?post=5163"}],"curies":[{"name":"wp","href":"https:\/\/api.w.org\/{rel}","templated":true}]}}