 {"id":5193,"date":"2024-09-27T19:06:26","date_gmt":"2024-09-27T17:06:26","guid":{"rendered":"https:\/\/zabnica.e-przedszkolak.eu\/?p=5193"},"modified":"2024-09-27T19:06:26","modified_gmt":"2024-09-27T17:06:26","slug":"policjant-w-przedszkolu","status":"publish","type":"post","link":"https:\/\/zabnica.e-przedszkolak.eu\/archiwum\/2024\/09\/27\/policjant-w-przedszkolu\/","title":{"rendered":"Policjant w przedszkolu"},"content":{"rendered":"<p dir=\"ltr\" style=\"text-align: justify;\">26 wrze\u015bnia nasze przedszkole odwiedzili m\u0142. ASP Dariusz Kurowski i asp. Jolanta Frydel , kt\u00f3rzy przybli\u017cyli dzieciom podstawowe zasady bezpiecznego poruszania si\u0119 po drogach oraz przypomnieli jak prawid\u0142owo przechodzi\u0107 przez jezdni\u0119. Dzieci otrzyma\u0142y wskaz\u00f3wki, jak zachowa\u0107 si\u0119 w sytuacji spotkania osoby obcej oraz ataku gro\u017anego psa. Przedszkolaki ch\u0119tnie \u0107wiczy\u0142y pozycj\u0119 \u201e\u017c\u00f3\u0142wika\u201d, kt\u00f3ra chroni przed atakiem zwierz\u0119cia. <!--more-->Dowiedzieli\u015bmy si\u0119 jak wa\u017cne jest noszenie ubra\u0144 i obuwia posiadaj\u0105cego elementy odblaskowe dla naszego bezpiecze\u0144stwa. Najwi\u0119kszym jednak zainteresowaniem cieszy\u0142y si\u0119 w\u015br\u00f3d dzieci opowiadania o codziennej pracy Policji oraz demonstracja sprz\u0119tu policyjnego niezb\u0119dnego podczas wykonywania pracy policjanta. Dzi\u0119ki takim spotkaniom na pewno \u017caden z przedszkolak\u00f3w nie b\u0119dzie obawia\u0142 si\u0119 spotkania z funkcjonariuszem. Policjant b\u0119dzie kojarzy\u0142 si\u0119 dzieciom, jako osoba, kt\u00f3rej nie nale\u017cy si\u0119 ba\u0107 i do kt\u00f3rej zawsze i w ka\u017cdej sytuacji mo\u017cna zwr\u00f3ci\u0107 si\u0119 o pomoc. Dzi\u0119kujemy funkcjonariuszom z Komendy Powiatowej Policji w \u017bywcu za wspania\u0142e prze\u017cycia i przybli\u017cenie tak odpowiedzialnego zawodu, jakim jest zaw\u00f3d policjanta.<\/p>\n<p dir=\"ltr\">&nbsp;<\/p>\nngg_shortcode_0_placeholder\n","protected":false},"excerpt":{"rendered":"<p>26 wrze\u015bnia nasze przedszkole odwiedzili m\u0142. ASP Dariusz Kurowski i asp. Jolanta Frydel , kt\u00f3rzy przybli\u017cyli dzieciom podstawowe zasady bezpiecznego poruszania si\u0119 po drogach oraz przypomnieli jak prawid\u0142owo przechodzi\u0107 przez jezdni\u0119. Dzieci otrzyma\u0142y wskaz\u00f3wki, jak zachowa\u0107 si\u0119 w sytuacji spotkania osoby obcej oraz ataku gro\u017anego psa. Przedszkolaki ch\u0119tnie \u0107wiczy\u0142y pozycj\u0119 \u201e\u017c\u00f3\u0142wika\u201d, kt\u00f3ra chroni przed atakiem [&hellip;]<\/p>\n","protected":false},"author":3,"featured_media":5201,"comment_status":"open","ping_status":"open","sticky":false,"template":"","format":"standard","meta":{"ngg_post_thumbnail":0,"footnotes":""},"categories":[1],"tags":[],"class_list":["post-5193","post","type-post","status-publish","format-standard","has-post-thumbnail","hentry","category-bez-kategorii"],"_links":{"self":[{"href":"https:\/\/zabnica.e-przedszkolak.eu\/archiwum\/wp-json\/wp\/v2\/posts\/5193","targetHints":{"allow":["GET"]}}],"collection":[{"href":"https:\/\/zabnica.e-przedszkolak.eu\/archiwum\/wp-json\/wp\/v2\/posts"}],"about":[{"href":"https:\/\/zabnica.e-przedszkolak.eu\/archiwum\/wp-json\/wp\/v2\/types\/post"}],"author":[{"embeddable":true,"href":"https:\/\/zabnica.e-przedszkolak.eu\/archiwum\/wp-json\/wp\/v2\/users\/3"}],"replies":[{"embeddable":true,"href":"https:\/\/zabnica.e-przedszkolak.eu\/archiwum\/wp-json\/wp\/v2\/comments?post=5193"}],"version-history":[{"count":1,"href":"https:\/\/zabnica.e-przedszkolak.eu\/archiwum\/wp-json\/wp\/v2\/posts\/5193\/revisions"}],"predecessor-version":[{"id":5202,"href":"https:\/\/zabnica.e-przedszkolak.eu\/archiwum\/wp-json\/wp\/v2\/posts\/5193\/revisions\/5202"}],"wp:featuredmedia":[{"embeddable":true,"href":"https:\/\/zabnica.e-przedszkolak.eu\/archiwum\/wp-json\/wp\/v2\/media\/5201"}],"wp:attachment":[{"href":"https:\/\/zabnica.e-przedszkolak.eu\/archiwum\/wp-json\/wp\/v2\/media?parent=5193"}],"wp:term":[{"taxonomy":"category","embeddable":true,"href":"https:\/\/zabnica.e-przedszkolak.eu\/archiwum\/wp-json\/wp\/v2\/categories?post=5193"},{"taxonomy":"post_tag","embeddable":true,"href":"https:\/\/zabnica.e-przedszkolak.eu\/archiwum\/wp-json\/wp\/v2\/tags?post=5193"}],"curies":[{"name":"wp","href":"https:\/\/api.w.org\/{rel}","templated":true}]}}