 {"id":5206,"date":"2024-10-04T16:50:50","date_gmt":"2024-10-04T14:50:50","guid":{"rendered":"https:\/\/zabnica.e-przedszkolak.eu\/?p=5206"},"modified":"2024-10-04T16:50:50","modified_gmt":"2024-10-04T14:50:50","slug":"dzien-chlopaka-3","status":"publish","type":"post","link":"https:\/\/zabnica.e-przedszkolak.eu\/archiwum\/2024\/10\/04\/dzien-chlopaka-3\/","title":{"rendered":"Dzie\u0144 ch\u0142opaka"},"content":{"rendered":"<p style=\"text-align: justify;\">Poniedzia\u0142ek, 30 wrze\u015bnia, w naszym przedszkolu odby\u0142y si\u0119 wyj\u0105tkowe obchody Dnia Ch\u0142opaka. Z tej okazji dziewczynki przygotowa\u0142y dla swoich koleg\u00f3w niezwykle mi\u0142e niespodzianki. Od samego rana w przedszkolu panowa\u0142a radosna atmosfera, a dzieci z podekscytowaniem czeka\u0142y na wsp\u00f3lne \u015bwi\u0119towanie.<!--more--><\/p>\n<p style=\"text-align: justify;\">G\u0142\u00f3wnym punktem dnia by\u0142o uroczyste od\u015bpiewanie \u201eSto lat\u201d przez dziewczynki, kt\u00f3re z ogromnym zaanga\u017cowaniem wyrazi\u0142y swoje \u017cyczenia dla ch\u0142opc\u00f3w. Ka\u017cda grupa przedszkolna mia\u0142a r\u00f3wnie\u017c przygotowane specjalne \u017cyczenia, pe\u0142ne ciep\u0142ych s\u0142\u00f3w i u\u015bmiech\u00f3w. Dziewczynki wr\u0119czy\u0142y ch\u0142opcom symboliczne prezenty, kt\u00f3re spotka\u0142y si\u0119 z du\u017cym entuzjazmem i rado\u015bci\u0105.<\/p>\nngg_shortcode_0_placeholder\n","protected":false},"excerpt":{"rendered":"<p>Poniedzia\u0142ek, 30 wrze\u015bnia, w naszym przedszkolu odby\u0142y si\u0119 wyj\u0105tkowe obchody Dnia Ch\u0142opaka. Z tej okazji dziewczynki przygotowa\u0142y dla swoich koleg\u00f3w niezwykle mi\u0142e niespodzianki. Od samego rana w przedszkolu panowa\u0142a radosna atmosfera, a dzieci z podekscytowaniem czeka\u0142y na wsp\u00f3lne \u015bwi\u0119towanie.<\/p>\n","protected":false},"author":3,"featured_media":5222,"comment_status":"open","ping_status":"open","sticky":false,"template":"","format":"standard","meta":{"ngg_post_thumbnail":0,"footnotes":""},"categories":[1],"tags":[],"class_list":["post-5206","post","type-post","status-publish","format-standard","has-post-thumbnail","hentry","category-bez-kategorii"],"_links":{"self":[{"href":"https:\/\/zabnica.e-przedszkolak.eu\/archiwum\/wp-json\/wp\/v2\/posts\/5206","targetHints":{"allow":["GET"]}}],"collection":[{"href":"https:\/\/zabnica.e-przedszkolak.eu\/archiwum\/wp-json\/wp\/v2\/posts"}],"about":[{"href":"https:\/\/zabnica.e-przedszkolak.eu\/archiwum\/wp-json\/wp\/v2\/types\/post"}],"author":[{"embeddable":true,"href":"https:\/\/zabnica.e-przedszkolak.eu\/archiwum\/wp-json\/wp\/v2\/users\/3"}],"replies":[{"embeddable":true,"href":"https:\/\/zabnica.e-przedszkolak.eu\/archiwum\/wp-json\/wp\/v2\/comments?post=5206"}],"version-history":[{"count":1,"href":"https:\/\/zabnica.e-przedszkolak.eu\/archiwum\/wp-json\/wp\/v2\/posts\/5206\/revisions"}],"predecessor-version":[{"id":5223,"href":"https:\/\/zabnica.e-przedszkolak.eu\/archiwum\/wp-json\/wp\/v2\/posts\/5206\/revisions\/5223"}],"wp:featuredmedia":[{"embeddable":true,"href":"https:\/\/zabnica.e-przedszkolak.eu\/archiwum\/wp-json\/wp\/v2\/media\/5222"}],"wp:attachment":[{"href":"https:\/\/zabnica.e-przedszkolak.eu\/archiwum\/wp-json\/wp\/v2\/media?parent=5206"}],"wp:term":[{"taxonomy":"category","embeddable":true,"href":"https:\/\/zabnica.e-przedszkolak.eu\/archiwum\/wp-json\/wp\/v2\/categories?post=5206"},{"taxonomy":"post_tag","embeddable":true,"href":"https:\/\/zabnica.e-przedszkolak.eu\/archiwum\/wp-json\/wp\/v2\/tags?post=5206"}],"curies":[{"name":"wp","href":"https:\/\/api.w.org\/{rel}","templated":true}]}}