 {"id":5224,"date":"2024-10-08T18:44:49","date_gmt":"2024-10-08T16:44:49","guid":{"rendered":"https:\/\/zabnica.e-przedszkolak.eu\/?p=5224"},"modified":"2024-10-08T18:44:49","modified_gmt":"2024-10-08T16:44:49","slug":"magia-na-wesolo","status":"publish","type":"post","link":"https:\/\/zabnica.e-przedszkolak.eu\/archiwum\/2024\/10\/08\/magia-na-wesolo\/","title":{"rendered":"Magia na weso\u0142o"},"content":{"rendered":"<p style=\"text-align: justify;\">Ostatnio w naszym przedszkolu odby\u0142 si\u0119 ciekawy pokaz iluzji podczas kt\u00f3rego dzieci zobaczy\u0142y niezwyk\u0142e sztuczki oraz magiczne rekwizyty. Przedszkolaki pomaga\u0142y Magikowi i bra\u0142y aktywny udzia\u0142 w pokazie. Podczas niesamowitego pokazu ka\u017cde dziecko &#8221; zamkni\u0119te &#8222;zosta\u0142o w gigantycznej, czarodziejskiej ba\u0144ce.<!--more--><\/p>\nngg_shortcode_0_placeholder\n","protected":false},"excerpt":{"rendered":"<p>Ostatnio w naszym przedszkolu odby\u0142 si\u0119 ciekawy pokaz iluzji podczas kt\u00f3rego dzieci zobaczy\u0142y niezwyk\u0142e sztuczki oraz magiczne rekwizyty. Przedszkolaki pomaga\u0142y Magikowi i bra\u0142y aktywny udzia\u0142 w pokazie. Podczas niesamowitego pokazu ka\u017cde dziecko &#8221; zamkni\u0119te &#8222;zosta\u0142o w gigantycznej, czarodziejskiej ba\u0144ce.<\/p>\n","protected":false},"author":3,"featured_media":5237,"comment_status":"open","ping_status":"open","sticky":false,"template":"","format":"standard","meta":{"ngg_post_thumbnail":0,"footnotes":""},"categories":[1],"tags":[],"class_list":["post-5224","post","type-post","status-publish","format-standard","has-post-thumbnail","hentry","category-bez-kategorii"],"_links":{"self":[{"href":"https:\/\/zabnica.e-przedszkolak.eu\/archiwum\/wp-json\/wp\/v2\/posts\/5224","targetHints":{"allow":["GET"]}}],"collection":[{"href":"https:\/\/zabnica.e-przedszkolak.eu\/archiwum\/wp-json\/wp\/v2\/posts"}],"about":[{"href":"https:\/\/zabnica.e-przedszkolak.eu\/archiwum\/wp-json\/wp\/v2\/types\/post"}],"author":[{"embeddable":true,"href":"https:\/\/zabnica.e-przedszkolak.eu\/archiwum\/wp-json\/wp\/v2\/users\/3"}],"replies":[{"embeddable":true,"href":"https:\/\/zabnica.e-przedszkolak.eu\/archiwum\/wp-json\/wp\/v2\/comments?post=5224"}],"version-history":[{"count":1,"href":"https:\/\/zabnica.e-przedszkolak.eu\/archiwum\/wp-json\/wp\/v2\/posts\/5224\/revisions"}],"predecessor-version":[{"id":5238,"href":"https:\/\/zabnica.e-przedszkolak.eu\/archiwum\/wp-json\/wp\/v2\/posts\/5224\/revisions\/5238"}],"wp:featuredmedia":[{"embeddable":true,"href":"https:\/\/zabnica.e-przedszkolak.eu\/archiwum\/wp-json\/wp\/v2\/media\/5237"}],"wp:attachment":[{"href":"https:\/\/zabnica.e-przedszkolak.eu\/archiwum\/wp-json\/wp\/v2\/media?parent=5224"}],"wp:term":[{"taxonomy":"category","embeddable":true,"href":"https:\/\/zabnica.e-przedszkolak.eu\/archiwum\/wp-json\/wp\/v2\/categories?post=5224"},{"taxonomy":"post_tag","embeddable":true,"href":"https:\/\/zabnica.e-przedszkolak.eu\/archiwum\/wp-json\/wp\/v2\/tags?post=5224"}],"curies":[{"name":"wp","href":"https:\/\/api.w.org\/{rel}","templated":true}]}}