 {"id":5256,"date":"2024-10-14T16:08:19","date_gmt":"2024-10-14T14:08:19","guid":{"rendered":"https:\/\/zabnica.e-przedszkolak.eu\/?p=5256"},"modified":"2024-10-14T16:08:19","modified_gmt":"2024-10-14T14:08:19","slug":"dwie-wieze","status":"publish","type":"post","link":"https:\/\/zabnica.e-przedszkolak.eu\/archiwum\/2024\/10\/14\/dwie-wieze\/","title":{"rendered":"DWIE WIE\u017bE"},"content":{"rendered":"<p style=\"text-align: justify;\">11 pa\u017adziernika w przedszkolu go\u015bcili\u015bmy Teatr Eden z Wieliczki z przedstawieniem pt: ,,Wie\u017ca do nieba&#8221;. Dzieci pozna\u0142y histori\u0119 zarozumia\u0142ego kr\u00f3la i jego lokaja, kt\u00f3ry martwi\u0142 si\u0119 o swojego pana. Przedstawienie to pokaza\u0142o nam, \u017ce nie ma ludzi lepszych ani gorszych, bo ka\u017cdy cz\u0142owiek jest tak samo wa\u017cny, a na zmian\u0119 nigdy nie jest za p\u00f3\u017ano. Oczywi\u015bcie do zmiany kr\u00f3la na lepsze pomog\u0142y nasze przedszkolaki \ud83e\udd70<!--more--><\/p>\nngg_shortcode_0_placeholder\n","protected":false},"excerpt":{"rendered":"<p>11 pa\u017adziernika w przedszkolu go\u015bcili\u015bmy Teatr Eden z Wieliczki z przedstawieniem pt: ,,Wie\u017ca do nieba&#8221;. Dzieci pozna\u0142y histori\u0119 zarozumia\u0142ego kr\u00f3la i jego lokaja, kt\u00f3ry martwi\u0142 si\u0119 o swojego pana. Przedstawienie to pokaza\u0142o nam, \u017ce nie ma ludzi lepszych ani gorszych, bo ka\u017cdy cz\u0142owiek jest tak samo wa\u017cny, a na zmian\u0119 nigdy nie jest za p\u00f3\u017ano. [&hellip;]<\/p>\n","protected":false},"author":3,"featured_media":5273,"comment_status":"open","ping_status":"open","sticky":false,"template":"","format":"standard","meta":{"ngg_post_thumbnail":0,"footnotes":""},"categories":[1],"tags":[],"class_list":["post-5256","post","type-post","status-publish","format-standard","has-post-thumbnail","hentry","category-bez-kategorii"],"_links":{"self":[{"href":"https:\/\/zabnica.e-przedszkolak.eu\/archiwum\/wp-json\/wp\/v2\/posts\/5256","targetHints":{"allow":["GET"]}}],"collection":[{"href":"https:\/\/zabnica.e-przedszkolak.eu\/archiwum\/wp-json\/wp\/v2\/posts"}],"about":[{"href":"https:\/\/zabnica.e-przedszkolak.eu\/archiwum\/wp-json\/wp\/v2\/types\/post"}],"author":[{"embeddable":true,"href":"https:\/\/zabnica.e-przedszkolak.eu\/archiwum\/wp-json\/wp\/v2\/users\/3"}],"replies":[{"embeddable":true,"href":"https:\/\/zabnica.e-przedszkolak.eu\/archiwum\/wp-json\/wp\/v2\/comments?post=5256"}],"version-history":[{"count":1,"href":"https:\/\/zabnica.e-przedszkolak.eu\/archiwum\/wp-json\/wp\/v2\/posts\/5256\/revisions"}],"predecessor-version":[{"id":5274,"href":"https:\/\/zabnica.e-przedszkolak.eu\/archiwum\/wp-json\/wp\/v2\/posts\/5256\/revisions\/5274"}],"wp:featuredmedia":[{"embeddable":true,"href":"https:\/\/zabnica.e-przedszkolak.eu\/archiwum\/wp-json\/wp\/v2\/media\/5273"}],"wp:attachment":[{"href":"https:\/\/zabnica.e-przedszkolak.eu\/archiwum\/wp-json\/wp\/v2\/media?parent=5256"}],"wp:term":[{"taxonomy":"category","embeddable":true,"href":"https:\/\/zabnica.e-przedszkolak.eu\/archiwum\/wp-json\/wp\/v2\/categories?post=5256"},{"taxonomy":"post_tag","embeddable":true,"href":"https:\/\/zabnica.e-przedszkolak.eu\/archiwum\/wp-json\/wp\/v2\/tags?post=5256"}],"curies":[{"name":"wp","href":"https:\/\/api.w.org\/{rel}","templated":true}]}}