 {"id":5276,"date":"2024-10-22T11:14:37","date_gmt":"2024-10-22T09:14:37","guid":{"rendered":"https:\/\/zabnica.e-przedszkolak.eu\/?p=5276"},"modified":"2024-10-22T11:14:37","modified_gmt":"2024-10-22T09:14:37","slug":"wycieczka-do-parku-2","status":"publish","type":"post","link":"https:\/\/zabnica.e-przedszkolak.eu\/archiwum\/2024\/10\/22\/wycieczka-do-parku-2\/","title":{"rendered":"Wycieczka do parku"},"content":{"rendered":"<p style=\"text-align: justify;\">16 pa\u017adziernika przedszkolaki wykorzystuj\u0105c pi\u0119kn\u0105 pogod\u0119 i uroki jesieni uda\u0142y si\u0119 do \u017bywieckiego parku na wycieczk\u0119, kt\u00f3ra dostarczy\u0142a nam nie tylko wielu wiadomo\u015bci, ale r\u00f3wnie\u017c niezapomnianych wra\u017ce\u0144. Park odkry\u0142 przed nami swe pi\u0119kno. Podziwiali\u015bmy jesienne barwy, rosn\u0105ce krzewy i drzewa. Bacznie przygl\u0105dali\u015bmy si\u0119 przyrodzie: korze drzew, li\u015bciom, rozmawiali\u015bmy o zwierz\u0119tach i ptakach \u017cyj\u0105cych w parku. Spotkali\u015bmy nawet wiewi\u00f3rk\u0119.<!--more--><\/p>\n<p style=\"text-align: justify;\">Najwi\u0119cej rado\u015bci sprawi\u0142o dzieciom zbieranie \u017co\u0142\u0119dzi i kasztan\u00f3w, kt\u00f3rymi przyozdobili\u015bmy nasz k\u0105cik przyrody. Odwiedzili\u015bmy r\u00f3wnie\u017c mini ZOO , nakarmili\u015bmy kaczki i \u0142ab\u0119dzie. Zadowoleni, z kieszeniami pe\u0142nymi \u017co\u0142\u0119dzi wr\u00f3cili\u015bmy do naszego przedszkola. Ju\u017c nie mo\u017cemy doczeka\u0107 si\u0119 nast\u0119pnej wycieczki.<\/p>\nngg_shortcode_0_placeholder\n","protected":false},"excerpt":{"rendered":"<p>16 pa\u017adziernika przedszkolaki wykorzystuj\u0105c pi\u0119kn\u0105 pogod\u0119 i uroki jesieni uda\u0142y si\u0119 do \u017bywieckiego parku na wycieczk\u0119, kt\u00f3ra dostarczy\u0142a nam nie tylko wielu wiadomo\u015bci, ale r\u00f3wnie\u017c niezapomnianych wra\u017ce\u0144. Park odkry\u0142 przed nami swe pi\u0119kno. Podziwiali\u015bmy jesienne barwy, rosn\u0105ce krzewy i drzewa. Bacznie przygl\u0105dali\u015bmy si\u0119 przyrodzie: korze drzew, li\u015bciom, rozmawiali\u015bmy o zwierz\u0119tach i ptakach \u017cyj\u0105cych w parku. [&hellip;]<\/p>\n","protected":false},"author":3,"featured_media":5292,"comment_status":"open","ping_status":"open","sticky":false,"template":"","format":"standard","meta":{"ngg_post_thumbnail":0,"footnotes":""},"categories":[1],"tags":[],"class_list":["post-5276","post","type-post","status-publish","format-standard","has-post-thumbnail","hentry","category-bez-kategorii"],"_links":{"self":[{"href":"https:\/\/zabnica.e-przedszkolak.eu\/archiwum\/wp-json\/wp\/v2\/posts\/5276","targetHints":{"allow":["GET"]}}],"collection":[{"href":"https:\/\/zabnica.e-przedszkolak.eu\/archiwum\/wp-json\/wp\/v2\/posts"}],"about":[{"href":"https:\/\/zabnica.e-przedszkolak.eu\/archiwum\/wp-json\/wp\/v2\/types\/post"}],"author":[{"embeddable":true,"href":"https:\/\/zabnica.e-przedszkolak.eu\/archiwum\/wp-json\/wp\/v2\/users\/3"}],"replies":[{"embeddable":true,"href":"https:\/\/zabnica.e-przedszkolak.eu\/archiwum\/wp-json\/wp\/v2\/comments?post=5276"}],"version-history":[{"count":1,"href":"https:\/\/zabnica.e-przedszkolak.eu\/archiwum\/wp-json\/wp\/v2\/posts\/5276\/revisions"}],"predecessor-version":[{"id":5293,"href":"https:\/\/zabnica.e-przedszkolak.eu\/archiwum\/wp-json\/wp\/v2\/posts\/5276\/revisions\/5293"}],"wp:featuredmedia":[{"embeddable":true,"href":"https:\/\/zabnica.e-przedszkolak.eu\/archiwum\/wp-json\/wp\/v2\/media\/5292"}],"wp:attachment":[{"href":"https:\/\/zabnica.e-przedszkolak.eu\/archiwum\/wp-json\/wp\/v2\/media?parent=5276"}],"wp:term":[{"taxonomy":"category","embeddable":true,"href":"https:\/\/zabnica.e-przedszkolak.eu\/archiwum\/wp-json\/wp\/v2\/categories?post=5276"},{"taxonomy":"post_tag","embeddable":true,"href":"https:\/\/zabnica.e-przedszkolak.eu\/archiwum\/wp-json\/wp\/v2\/tags?post=5276"}],"curies":[{"name":"wp","href":"https:\/\/api.w.org\/{rel}","templated":true}]}}