 {"id":5313,"date":"2024-10-28T12:54:19","date_gmt":"2024-10-28T11:54:19","guid":{"rendered":"https:\/\/zabnica.e-przedszkolak.eu\/?p=5313"},"modified":"2024-10-28T12:54:42","modified_gmt":"2024-10-28T11:54:42","slug":"sensoryczna-jesien","status":"publish","type":"post","link":"https:\/\/zabnica.e-przedszkolak.eu\/archiwum\/2024\/10\/28\/sensoryczna-jesien\/","title":{"rendered":"Sensoryczna jesie\u0144"},"content":{"rendered":"<p style=\"text-align: justify;\">Nasze przedszkolaki bardzo lubi\u0105 jesie\u0144. Dlatego dzieci dzisiaj zrobi\u0142y jesienn\u0105 \u015bcie\u017ck\u0119 sensoryczn\u0105. Wykorzysta\u0142y szyszki, patyki, kukurydz\u0119, kasztany, li\u015bcie, kwiaty i kor\u0119. \u015acie\u017cka sensoryczna ma du\u017ce znaczenie dla ma\u0142ych st\u00f3pek dzieci, poniewa\u017c usprawnia motoryk\u0119 du\u017c\u0105, rozwija wra\u017cenia dotykowe i stymuluje receptory. Integracja sensoryczna to proces prawid\u0142owego kszta\u0142towania uk\u0142adu nerwowego dziecka.<!--more-->Deficyty zwi\u0105zane z czuciem g\u0142\u0119bokim czy poczuciem r\u00f3wnowagi maj\u0105 wp\u0142yw na postrzeganie \u015bwiata i funkcjonowanie w nim. Dlatego zaj\u0119cia sensoryczne u dzieci wspieraj\u0105 dojrzewanie uk\u0142adu nerwowego i maj\u0105 wp\u0142yw na prawid\u0142owy rozw\u00f3j psychiczny i fizyczny.<\/p>\nngg_shortcode_0_placeholder\n","protected":false},"excerpt":{"rendered":"<p>Nasze przedszkolaki bardzo lubi\u0105 jesie\u0144. Dlatego dzieci dzisiaj zrobi\u0142y jesienn\u0105 \u015bcie\u017ck\u0119 sensoryczn\u0105. Wykorzysta\u0142y szyszki, patyki, kukurydz\u0119, kasztany, li\u015bcie, kwiaty i kor\u0119. \u015acie\u017cka sensoryczna ma du\u017ce znaczenie dla ma\u0142ych st\u00f3pek dzieci, poniewa\u017c usprawnia motoryk\u0119 du\u017c\u0105, rozwija wra\u017cenia dotykowe i stymuluje receptory. Integracja sensoryczna to proces prawid\u0142owego kszta\u0142towania uk\u0142adu nerwowego dziecka.<\/p>\n","protected":false},"author":3,"featured_media":5332,"comment_status":"open","ping_status":"open","sticky":false,"template":"","format":"standard","meta":{"ngg_post_thumbnail":0,"footnotes":""},"categories":[1],"tags":[],"class_list":["post-5313","post","type-post","status-publish","format-standard","has-post-thumbnail","hentry","category-bez-kategorii"],"_links":{"self":[{"href":"https:\/\/zabnica.e-przedszkolak.eu\/archiwum\/wp-json\/wp\/v2\/posts\/5313","targetHints":{"allow":["GET"]}}],"collection":[{"href":"https:\/\/zabnica.e-przedszkolak.eu\/archiwum\/wp-json\/wp\/v2\/posts"}],"about":[{"href":"https:\/\/zabnica.e-przedszkolak.eu\/archiwum\/wp-json\/wp\/v2\/types\/post"}],"author":[{"embeddable":true,"href":"https:\/\/zabnica.e-przedszkolak.eu\/archiwum\/wp-json\/wp\/v2\/users\/3"}],"replies":[{"embeddable":true,"href":"https:\/\/zabnica.e-przedszkolak.eu\/archiwum\/wp-json\/wp\/v2\/comments?post=5313"}],"version-history":[{"count":2,"href":"https:\/\/zabnica.e-przedszkolak.eu\/archiwum\/wp-json\/wp\/v2\/posts\/5313\/revisions"}],"predecessor-version":[{"id":5334,"href":"https:\/\/zabnica.e-przedszkolak.eu\/archiwum\/wp-json\/wp\/v2\/posts\/5313\/revisions\/5334"}],"wp:featuredmedia":[{"embeddable":true,"href":"https:\/\/zabnica.e-przedszkolak.eu\/archiwum\/wp-json\/wp\/v2\/media\/5332"}],"wp:attachment":[{"href":"https:\/\/zabnica.e-przedszkolak.eu\/archiwum\/wp-json\/wp\/v2\/media?parent=5313"}],"wp:term":[{"taxonomy":"category","embeddable":true,"href":"https:\/\/zabnica.e-przedszkolak.eu\/archiwum\/wp-json\/wp\/v2\/categories?post=5313"},{"taxonomy":"post_tag","embeddable":true,"href":"https:\/\/zabnica.e-przedszkolak.eu\/archiwum\/wp-json\/wp\/v2\/tags?post=5313"}],"curies":[{"name":"wp","href":"https:\/\/api.w.org\/{rel}","templated":true}]}}