 {"id":5351,"date":"2024-11-01T22:31:48","date_gmt":"2024-11-01T21:31:48","guid":{"rendered":"https:\/\/zabnica.e-przedszkolak.eu\/?p=5351"},"modified":"2024-11-01T22:32:06","modified_gmt":"2024-11-01T21:32:06","slug":"pamiec-o-bohaterach","status":"publish","type":"post","link":"https:\/\/zabnica.e-przedszkolak.eu\/archiwum\/2024\/11\/01\/pamiec-o-bohaterach\/","title":{"rendered":"Pami\u0119\u0107 o bohaterach&#8230;"},"content":{"rendered":"<p>Nasze starszaki wybra\u0142y si\u0119 pod &#8222;Pomnik zamordowanych Partyzant\u00f3w w \u017babnicy&#8221;. Zapalili\u015bmy znicze, aby uczci\u0107 pami\u0119\u0107 poleg\u0142ych bohater\u00f3w &#8230;.<\/p>\n<p><!--more--><\/p>\nngg_shortcode_0_placeholder\n","protected":false},"excerpt":{"rendered":"<p>Nasze starszaki wybra\u0142y si\u0119 pod &#8222;Pomnik zamordowanych Partyzant\u00f3w w \u017babnicy&#8221;. Zapalili\u015bmy znicze, aby uczci\u0107 pami\u0119\u0107 poleg\u0142ych bohater\u00f3w &#8230;.<\/p>\n","protected":false},"author":3,"featured_media":5360,"comment_status":"open","ping_status":"open","sticky":false,"template":"","format":"standard","meta":{"ngg_post_thumbnail":0,"footnotes":""},"categories":[1],"tags":[],"class_list":["post-5351","post","type-post","status-publish","format-standard","has-post-thumbnail","hentry","category-bez-kategorii"],"_links":{"self":[{"href":"https:\/\/zabnica.e-przedszkolak.eu\/archiwum\/wp-json\/wp\/v2\/posts\/5351","targetHints":{"allow":["GET"]}}],"collection":[{"href":"https:\/\/zabnica.e-przedszkolak.eu\/archiwum\/wp-json\/wp\/v2\/posts"}],"about":[{"href":"https:\/\/zabnica.e-przedszkolak.eu\/archiwum\/wp-json\/wp\/v2\/types\/post"}],"author":[{"embeddable":true,"href":"https:\/\/zabnica.e-przedszkolak.eu\/archiwum\/wp-json\/wp\/v2\/users\/3"}],"replies":[{"embeddable":true,"href":"https:\/\/zabnica.e-przedszkolak.eu\/archiwum\/wp-json\/wp\/v2\/comments?post=5351"}],"version-history":[{"count":2,"href":"https:\/\/zabnica.e-przedszkolak.eu\/archiwum\/wp-json\/wp\/v2\/posts\/5351\/revisions"}],"predecessor-version":[{"id":5362,"href":"https:\/\/zabnica.e-przedszkolak.eu\/archiwum\/wp-json\/wp\/v2\/posts\/5351\/revisions\/5362"}],"wp:featuredmedia":[{"embeddable":true,"href":"https:\/\/zabnica.e-przedszkolak.eu\/archiwum\/wp-json\/wp\/v2\/media\/5360"}],"wp:attachment":[{"href":"https:\/\/zabnica.e-przedszkolak.eu\/archiwum\/wp-json\/wp\/v2\/media?parent=5351"}],"wp:term":[{"taxonomy":"category","embeddable":true,"href":"https:\/\/zabnica.e-przedszkolak.eu\/archiwum\/wp-json\/wp\/v2\/categories?post=5351"},{"taxonomy":"post_tag","embeddable":true,"href":"https:\/\/zabnica.e-przedszkolak.eu\/archiwum\/wp-json\/wp\/v2\/tags?post=5351"}],"curies":[{"name":"wp","href":"https:\/\/api.w.org\/{rel}","templated":true}]}}