 {"id":5363,"date":"2024-11-05T17:08:50","date_gmt":"2024-11-05T16:08:50","guid":{"rendered":"https:\/\/zabnica.e-przedszkolak.eu\/?p=5363"},"modified":"2024-11-05T17:08:50","modified_gmt":"2024-11-05T16:08:50","slug":"miedzynarodowy-dzien-postaci-z-bajek-z-przedszkolakami-%f0%9f%a6%84%f0%9f%8d%81%f0%9f%90%af%f0%9f%90%b2%f0%9f%90%bb%f0%9f%a6%89%f0%9f%90%ba%f0%9f%8c%b2%f0%9f%8d%82","status":"publish","type":"post","link":"https:\/\/zabnica.e-przedszkolak.eu\/archiwum\/2024\/11\/05\/miedzynarodowy-dzien-postaci-z-bajek-z-przedszkolakami-%f0%9f%a6%84%f0%9f%8d%81%f0%9f%90%af%f0%9f%90%b2%f0%9f%90%bb%f0%9f%a6%89%f0%9f%90%ba%f0%9f%8c%b2%f0%9f%8d%82\/","title":{"rendered":"Mi\u0119dzynarodowy Dzie\u0144 Postaci z Bajek z przedszkolakami.\ud83e\udd84\ud83c\udf41\ud83d\udc2f\ud83d\udc32\ud83d\udc3b\ud83e\udd89\ud83d\udc3a\ud83c\udf32\ud83c\udf42"},"content":{"rendered":"<p style=\"text-align: justify;\">Z okazji Mi\u0119dzynarodowego Dnia Postaci z Bajek, bibliotekarka odwiedzi\u0142a przedszkole w \u017babnicy, aby wprowadzi\u0107 dzieci w magiczny \u015bwiat bajek. Tego dnia przedszkolaki pojawi\u0142y si\u0119 w przebraniu swoich ulubionych bajkowych postaci, co stworzy\u0142o prawdziwie magiczn\u0105 atmosfer\u0119 . Na sali mo\u017cna by\u0142o spotka\u0107 ksi\u0119\u017cniczki, wr\u00f3\u017cki, superbohater\u00f3w oraz wiele innych postaci znanych z ba\u015bni i bajek. Bibliotekarka rozpocz\u0119\u0142a spotkanie od opowiedzenia dzieciom, dlaczego ten dzie\u0144 jest szczeg\u00f3lny i jakie znaczenie maj\u0105 bajki.<!--more--><\/p>\n<p dir=\"ltr\" style=\"text-align: justify;\">Nast\u0119pnie, aby rozgrza\u0107 wyobra\u017ani\u0119, zadawa\u0142a przedszkolakom zagadki o postaciach z r\u00f3\u017cnych bajek, co wywo\u0142a\u0142o w\u015br\u00f3d dzieci ogromn\u0105 rado\u015b\u0107 i ch\u0119\u0107 zgadywania. Kolejnym punktem programu by\u0142o czytanie bajek. Najpierw dzieci wys\u0142ucha\u0142y opowie\u015bci Bethana Stevensa pt. &#8222;Kapry\u015bne wr\u00f3\u017cki&#8221;. Bajka sta\u0142a si\u0119 inspiracj\u0105 do zabawy, podczas kt\u00f3rej dzieci na\u015bladowa\u0142y zachowanie i mimik\u0119 kapry\u015bnych wr\u00f3\u017cek, co przynios\u0142o im wiele \u015bmiechu i frajdy. Nast\u0119pnie bibliotekarka przeczyta\u0142a klasyczn\u0105 bajk\u0119 braci Grimm pt.&#8221;Krasnoludki&#8221;, wprowadzaj\u0105c dzieci w \u015bwiat ma\u0142ych, magicznych bohater\u00f3w.<br \/>\nPo bajkach przyszed\u0142 czas na zadanie plastyczne &#8211; ka\u017cde dziecko otrzyma\u0142o kolorowank\u0119 z wizerunkiem swojej ulubionej postaci bajkowej. Przedszkolaki z zapa\u0142em kolorowa\u0142y obrazki, staraj\u0105c si\u0119 odda\u0107 charakter postaci, w kt\u00f3re by\u0142y przebrane. Na zako\u0144czenie pracy kolorowanki zosta\u0142y ozdobione magicznym, b\u0142yszcz\u0105cym py\u0142em, co nada\u0142o im wyj\u0105tkowego, bajkowego blasku.<\/p>\n<p dir=\"ltr\">&nbsp;<\/p>\nngg_shortcode_0_placeholder\n","protected":false},"excerpt":{"rendered":"<p>Z okazji Mi\u0119dzynarodowego Dnia Postaci z Bajek, bibliotekarka odwiedzi\u0142a przedszkole w \u017babnicy, aby wprowadzi\u0107 dzieci w magiczny \u015bwiat bajek. Tego dnia przedszkolaki pojawi\u0142y si\u0119 w przebraniu swoich ulubionych bajkowych postaci, co stworzy\u0142o prawdziwie magiczn\u0105 atmosfer\u0119 . Na sali mo\u017cna by\u0142o spotka\u0107 ksi\u0119\u017cniczki, wr\u00f3\u017cki, superbohater\u00f3w oraz wiele innych postaci znanych z ba\u015bni i bajek. Bibliotekarka rozpocz\u0119\u0142a [&hellip;]<\/p>\n","protected":false},"author":3,"featured_media":5377,"comment_status":"open","ping_status":"open","sticky":false,"template":"","format":"standard","meta":{"ngg_post_thumbnail":0,"footnotes":""},"categories":[1],"tags":[],"class_list":["post-5363","post","type-post","status-publish","format-standard","has-post-thumbnail","hentry","category-bez-kategorii"],"_links":{"self":[{"href":"https:\/\/zabnica.e-przedszkolak.eu\/archiwum\/wp-json\/wp\/v2\/posts\/5363","targetHints":{"allow":["GET"]}}],"collection":[{"href":"https:\/\/zabnica.e-przedszkolak.eu\/archiwum\/wp-json\/wp\/v2\/posts"}],"about":[{"href":"https:\/\/zabnica.e-przedszkolak.eu\/archiwum\/wp-json\/wp\/v2\/types\/post"}],"author":[{"embeddable":true,"href":"https:\/\/zabnica.e-przedszkolak.eu\/archiwum\/wp-json\/wp\/v2\/users\/3"}],"replies":[{"embeddable":true,"href":"https:\/\/zabnica.e-przedszkolak.eu\/archiwum\/wp-json\/wp\/v2\/comments?post=5363"}],"version-history":[{"count":1,"href":"https:\/\/zabnica.e-przedszkolak.eu\/archiwum\/wp-json\/wp\/v2\/posts\/5363\/revisions"}],"predecessor-version":[{"id":5378,"href":"https:\/\/zabnica.e-przedszkolak.eu\/archiwum\/wp-json\/wp\/v2\/posts\/5363\/revisions\/5378"}],"wp:featuredmedia":[{"embeddable":true,"href":"https:\/\/zabnica.e-przedszkolak.eu\/archiwum\/wp-json\/wp\/v2\/media\/5377"}],"wp:attachment":[{"href":"https:\/\/zabnica.e-przedszkolak.eu\/archiwum\/wp-json\/wp\/v2\/media?parent=5363"}],"wp:term":[{"taxonomy":"category","embeddable":true,"href":"https:\/\/zabnica.e-przedszkolak.eu\/archiwum\/wp-json\/wp\/v2\/categories?post=5363"},{"taxonomy":"post_tag","embeddable":true,"href":"https:\/\/zabnica.e-przedszkolak.eu\/archiwum\/wp-json\/wp\/v2\/tags?post=5363"}],"curies":[{"name":"wp","href":"https:\/\/api.w.org\/{rel}","templated":true}]}}