 {"id":5379,"date":"2024-11-05T17:22:19","date_gmt":"2024-11-05T16:22:19","guid":{"rendered":"https:\/\/zabnica.e-przedszkolak.eu\/?p=5379"},"modified":"2024-11-05T17:22:19","modified_gmt":"2024-11-05T16:22:19","slug":"dzien-dyni","status":"publish","type":"post","link":"https:\/\/zabnica.e-przedszkolak.eu\/archiwum\/2024\/11\/05\/dzien-dyni\/","title":{"rendered":"Dzie\u0144 Dyni"},"content":{"rendered":"<p style=\"text-align: justify;\">Ostatnio w naszym przedszkolu odby\u0142 si\u0119 Dzie\u0144 Dyni. Wsp\u00f3lnie uczestniczyli\u015bmy w zaj\u0119ciach, podczas kt\u00f3rych poznali\u015bmy bardzo zdrowe i urodziwe warzywo jakim jest dynia. Tego dnia przynie\u015bli\u015bmy do przedszkola dynie i ubrali\u015bmy si\u0119 na kolor pomara\u0144czowy. \u201eDzie\u0144 Dyni\u201d pozwoli\u0142 nam pozna\u0107 wielk\u0105 r\u00f3\u017cnorodno\u015b\u0107 dy\u0144 i wzbogaci\u0142 nasz\u0105 wiedz\u0119 na ich temat. Wzi\u0119li\u015bmy udzia\u0142 w licznych zabawach z udzia\u0142em dyni: dyniowe kr\u0119gle, slalom dyniowy, dyniowe zawody, skoki przez dyni\u0119 oraz ziarnko do ziarnka. Malowali\u015bmy dynie rosn\u0105ca farb\u0105 i zrobili\u015bmy pachn\u0105c\u0105 dyniolin\u0119.<!--more--> Ten dzie\u0144 by\u0142 pe\u0142en wra\u017ce\u0144 i rado\u015bci.<\/p>\n<p>&nbsp;<\/p>\nngg_shortcode_0_placeholder\n","protected":false},"excerpt":{"rendered":"<p>Ostatnio w naszym przedszkolu odby\u0142 si\u0119 Dzie\u0144 Dyni. Wsp\u00f3lnie uczestniczyli\u015bmy w zaj\u0119ciach, podczas kt\u00f3rych poznali\u015bmy bardzo zdrowe i urodziwe warzywo jakim jest dynia. Tego dnia przynie\u015bli\u015bmy do przedszkola dynie i ubrali\u015bmy si\u0119 na kolor pomara\u0144czowy. \u201eDzie\u0144 Dyni\u201d pozwoli\u0142 nam pozna\u0107 wielk\u0105 r\u00f3\u017cnorodno\u015b\u0107 dy\u0144 i wzbogaci\u0142 nasz\u0105 wiedz\u0119 na ich temat. Wzi\u0119li\u015bmy udzia\u0142 w licznych zabawach [&hellip;]<\/p>\n","protected":false},"author":3,"featured_media":5397,"comment_status":"open","ping_status":"open","sticky":false,"template":"","format":"standard","meta":{"ngg_post_thumbnail":0,"footnotes":""},"categories":[1],"tags":[],"class_list":["post-5379","post","type-post","status-publish","format-standard","has-post-thumbnail","hentry","category-bez-kategorii"],"_links":{"self":[{"href":"https:\/\/zabnica.e-przedszkolak.eu\/archiwum\/wp-json\/wp\/v2\/posts\/5379","targetHints":{"allow":["GET"]}}],"collection":[{"href":"https:\/\/zabnica.e-przedszkolak.eu\/archiwum\/wp-json\/wp\/v2\/posts"}],"about":[{"href":"https:\/\/zabnica.e-przedszkolak.eu\/archiwum\/wp-json\/wp\/v2\/types\/post"}],"author":[{"embeddable":true,"href":"https:\/\/zabnica.e-przedszkolak.eu\/archiwum\/wp-json\/wp\/v2\/users\/3"}],"replies":[{"embeddable":true,"href":"https:\/\/zabnica.e-przedszkolak.eu\/archiwum\/wp-json\/wp\/v2\/comments?post=5379"}],"version-history":[{"count":1,"href":"https:\/\/zabnica.e-przedszkolak.eu\/archiwum\/wp-json\/wp\/v2\/posts\/5379\/revisions"}],"predecessor-version":[{"id":5398,"href":"https:\/\/zabnica.e-przedszkolak.eu\/archiwum\/wp-json\/wp\/v2\/posts\/5379\/revisions\/5398"}],"wp:featuredmedia":[{"embeddable":true,"href":"https:\/\/zabnica.e-przedszkolak.eu\/archiwum\/wp-json\/wp\/v2\/media\/5397"}],"wp:attachment":[{"href":"https:\/\/zabnica.e-przedszkolak.eu\/archiwum\/wp-json\/wp\/v2\/media?parent=5379"}],"wp:term":[{"taxonomy":"category","embeddable":true,"href":"https:\/\/zabnica.e-przedszkolak.eu\/archiwum\/wp-json\/wp\/v2\/categories?post=5379"},{"taxonomy":"post_tag","embeddable":true,"href":"https:\/\/zabnica.e-przedszkolak.eu\/archiwum\/wp-json\/wp\/v2\/tags?post=5379"}],"curies":[{"name":"wp","href":"https:\/\/api.w.org\/{rel}","templated":true}]}}