 {"id":5400,"date":"2024-11-12T10:12:35","date_gmt":"2024-11-12T09:12:35","guid":{"rendered":"https:\/\/zabnica.e-przedszkolak.eu\/?p=5400"},"modified":"2024-11-12T10:12:58","modified_gmt":"2024-11-12T09:12:58","slug":"11-listopada-3","status":"publish","type":"post","link":"https:\/\/zabnica.e-przedszkolak.eu\/archiwum\/2024\/11\/12\/11-listopada-3\/","title":{"rendered":"11 listopada"},"content":{"rendered":"<p style=\"text-align: justify;\">MOJA POLSKA MOIM DOMEM JEST,<br \/>\nMOJA POLSKO BARDZO KOCHAM CI\u0118&#8230;.<br \/>\nDzisiaj w naszym przedszkolu odby\u0142a si\u0119 uroczysta akademia z okazji Narodowego \u015awi\u0119ta Niepodleg\u0142o\u015bci.<!--more--><br \/>\nPrzygotowana zosta\u0142a przez starszak\u00f3w. Dzieci recytowa\u0142y wiersze opowiadaj\u0105ce histori\u0119 Or\u0142a Bia\u0142ego, odzyskania przez Polsk\u0119 niepodleg\u0142o\u015bci, \u015bpiewa\u0142y patriotyczne piosenki, a tak\u017ce od\u015bpiewa\u0142y wraz z nauczycielami i kolegami z grup m\u0142odszych Hymn Polski.<\/p>\nngg_shortcode_0_placeholder\n","protected":false},"excerpt":{"rendered":"<p>MOJA POLSKA MOIM DOMEM JEST, MOJA POLSKO BARDZO KOCHAM CI\u0118&#8230;. Dzisiaj w naszym przedszkolu odby\u0142a si\u0119 uroczysta akademia z okazji Narodowego \u015awi\u0119ta Niepodleg\u0142o\u015bci.<\/p>\n","protected":false},"author":3,"featured_media":5413,"comment_status":"open","ping_status":"open","sticky":false,"template":"","format":"standard","meta":{"ngg_post_thumbnail":0,"footnotes":""},"categories":[1],"tags":[],"class_list":["post-5400","post","type-post","status-publish","format-standard","has-post-thumbnail","hentry","category-bez-kategorii"],"_links":{"self":[{"href":"https:\/\/zabnica.e-przedszkolak.eu\/archiwum\/wp-json\/wp\/v2\/posts\/5400","targetHints":{"allow":["GET"]}}],"collection":[{"href":"https:\/\/zabnica.e-przedszkolak.eu\/archiwum\/wp-json\/wp\/v2\/posts"}],"about":[{"href":"https:\/\/zabnica.e-przedszkolak.eu\/archiwum\/wp-json\/wp\/v2\/types\/post"}],"author":[{"embeddable":true,"href":"https:\/\/zabnica.e-przedszkolak.eu\/archiwum\/wp-json\/wp\/v2\/users\/3"}],"replies":[{"embeddable":true,"href":"https:\/\/zabnica.e-przedszkolak.eu\/archiwum\/wp-json\/wp\/v2\/comments?post=5400"}],"version-history":[{"count":2,"href":"https:\/\/zabnica.e-przedszkolak.eu\/archiwum\/wp-json\/wp\/v2\/posts\/5400\/revisions"}],"predecessor-version":[{"id":5415,"href":"https:\/\/zabnica.e-przedszkolak.eu\/archiwum\/wp-json\/wp\/v2\/posts\/5400\/revisions\/5415"}],"wp:featuredmedia":[{"embeddable":true,"href":"https:\/\/zabnica.e-przedszkolak.eu\/archiwum\/wp-json\/wp\/v2\/media\/5413"}],"wp:attachment":[{"href":"https:\/\/zabnica.e-przedszkolak.eu\/archiwum\/wp-json\/wp\/v2\/media?parent=5400"}],"wp:term":[{"taxonomy":"category","embeddable":true,"href":"https:\/\/zabnica.e-przedszkolak.eu\/archiwum\/wp-json\/wp\/v2\/categories?post=5400"},{"taxonomy":"post_tag","embeddable":true,"href":"https:\/\/zabnica.e-przedszkolak.eu\/archiwum\/wp-json\/wp\/v2\/tags?post=5400"}],"curies":[{"name":"wp","href":"https:\/\/api.w.org\/{rel}","templated":true}]}}