 {"id":5416,"date":"2024-11-12T17:03:32","date_gmt":"2024-11-12T16:03:32","guid":{"rendered":"https:\/\/zabnica.e-przedszkolak.eu\/?p=5416"},"modified":"2024-11-12T17:03:32","modified_gmt":"2024-11-12T16:03:32","slug":"pasowanie-na-przedszkolaka-3","status":"publish","type":"post","link":"https:\/\/zabnica.e-przedszkolak.eu\/archiwum\/2024\/11\/12\/pasowanie-na-przedszkolaka-3\/","title":{"rendered":"Pasowanie na przedszkolaka"},"content":{"rendered":"<p style=\"text-align: justify;\">We wtorek 5 listopada w naszym przedszkolu mia\u0142o miejsce bardzo wa\u017cne wydarzenie. Maluszki z grupy Krasnoludki i Zielone \u017babki oficjalnie zosta\u0142y w\u0142\u0105czone do spo\u0142eczno\u015bci przedszkolnej podczas Pasowania na Przedszkolaka. Po kr\u00f3tkiej cz\u0119\u015bci artystycznej dzieci zosta\u0142y pasowane przez Pani\u0105 Dyrektor, otrzyma\u0142y dyplomy i prezenty ufundowane przez rodzic\u00f3w.<!--more--><\/p>\nngg_shortcode_0_placeholder\n","protected":false},"excerpt":{"rendered":"<p>We wtorek 5 listopada w naszym przedszkolu mia\u0142o miejsce bardzo wa\u017cne wydarzenie. Maluszki z grupy Krasnoludki i Zielone \u017babki oficjalnie zosta\u0142y w\u0142\u0105czone do spo\u0142eczno\u015bci przedszkolnej podczas Pasowania na Przedszkolaka. Po kr\u00f3tkiej cz\u0119\u015bci artystycznej dzieci zosta\u0142y pasowane przez Pani\u0105 Dyrektor, otrzyma\u0142y dyplomy i prezenty ufundowane przez rodzic\u00f3w.<\/p>\n","protected":false},"author":3,"featured_media":5436,"comment_status":"open","ping_status":"open","sticky":false,"template":"","format":"standard","meta":{"ngg_post_thumbnail":0,"footnotes":""},"categories":[1],"tags":[],"class_list":["post-5416","post","type-post","status-publish","format-standard","has-post-thumbnail","hentry","category-bez-kategorii"],"_links":{"self":[{"href":"https:\/\/zabnica.e-przedszkolak.eu\/archiwum\/wp-json\/wp\/v2\/posts\/5416","targetHints":{"allow":["GET"]}}],"collection":[{"href":"https:\/\/zabnica.e-przedszkolak.eu\/archiwum\/wp-json\/wp\/v2\/posts"}],"about":[{"href":"https:\/\/zabnica.e-przedszkolak.eu\/archiwum\/wp-json\/wp\/v2\/types\/post"}],"author":[{"embeddable":true,"href":"https:\/\/zabnica.e-przedszkolak.eu\/archiwum\/wp-json\/wp\/v2\/users\/3"}],"replies":[{"embeddable":true,"href":"https:\/\/zabnica.e-przedszkolak.eu\/archiwum\/wp-json\/wp\/v2\/comments?post=5416"}],"version-history":[{"count":1,"href":"https:\/\/zabnica.e-przedszkolak.eu\/archiwum\/wp-json\/wp\/v2\/posts\/5416\/revisions"}],"predecessor-version":[{"id":5437,"href":"https:\/\/zabnica.e-przedszkolak.eu\/archiwum\/wp-json\/wp\/v2\/posts\/5416\/revisions\/5437"}],"wp:featuredmedia":[{"embeddable":true,"href":"https:\/\/zabnica.e-przedszkolak.eu\/archiwum\/wp-json\/wp\/v2\/media\/5436"}],"wp:attachment":[{"href":"https:\/\/zabnica.e-przedszkolak.eu\/archiwum\/wp-json\/wp\/v2\/media?parent=5416"}],"wp:term":[{"taxonomy":"category","embeddable":true,"href":"https:\/\/zabnica.e-przedszkolak.eu\/archiwum\/wp-json\/wp\/v2\/categories?post=5416"},{"taxonomy":"post_tag","embeddable":true,"href":"https:\/\/zabnica.e-przedszkolak.eu\/archiwum\/wp-json\/wp\/v2\/tags?post=5416"}],"curies":[{"name":"wp","href":"https:\/\/api.w.org\/{rel}","templated":true}]}}