 {"id":5460,"date":"2024-11-19T11:01:26","date_gmt":"2024-11-19T10:01:26","guid":{"rendered":"https:\/\/zabnica.e-przedszkolak.eu\/?p=5460"},"modified":"2024-11-19T11:05:57","modified_gmt":"2024-11-19T10:05:57","slug":"gimnastyka-korekcyjna","status":"publish","type":"post","link":"https:\/\/zabnica.e-przedszkolak.eu\/archiwum\/2024\/11\/19\/gimnastyka-korekcyjna\/","title":{"rendered":"Gimnastyka korekcyjna&#8230;."},"content":{"rendered":"<p>W naszym przedszkolu dzieci uwielbiaj\u0105 gimnastyk\u0119 korekcyjna. Pilnie \u0107wicz\u0105 pod czujnym okiem pani Paulinki&#8230;.<\/p>\n<p>&nbsp;<\/p>\n<p><!--more--><\/p>\n<div style=\"width: 720px;\" class=\"wp-video\"><!--[if lt IE 9]><script>document.createElement('video');<\/script><![endif]-->\n<video class=\"wp-video-shortcode\" id=\"video-5460-1\" width=\"720\" height=\"1280\" preload=\"metadata\" controls=\"controls\"><source type=\"video\/mp4\" src=\"https:\/\/zabnica.e-przedszkolak.eu\/archiwum\/wp-content\/uploads\/2024\/11\/vid-20241117-wa0004.mp4?_=1\" \/><a href=\"https:\/\/zabnica.e-przedszkolak.eu\/archiwum\/wp-content\/uploads\/2024\/11\/vid-20241117-wa0004.mp4\">https:\/\/zabnica.e-przedszkolak.eu\/archiwum\/wp-content\/uploads\/2024\/11\/vid-20241117-wa0004.mp4<\/a><\/video><\/div>\n","protected":false},"excerpt":{"rendered":"<p>W naszym przedszkolu dzieci uwielbiaj\u0105 gimnastyk\u0119 korekcyjna. Pilnie \u0107wicz\u0105 pod czujnym okiem pani Paulinki&#8230;. &nbsp;<\/p>\n","protected":false},"author":3,"featured_media":5466,"comment_status":"open","ping_status":"open","sticky":false,"template":"","format":"standard","meta":{"ngg_post_thumbnail":0,"footnotes":""},"categories":[1],"tags":[],"class_list":["post-5460","post","type-post","status-publish","format-standard","has-post-thumbnail","hentry","category-bez-kategorii"],"_links":{"self":[{"href":"https:\/\/zabnica.e-przedszkolak.eu\/archiwum\/wp-json\/wp\/v2\/posts\/5460","targetHints":{"allow":["GET"]}}],"collection":[{"href":"https:\/\/zabnica.e-przedszkolak.eu\/archiwum\/wp-json\/wp\/v2\/posts"}],"about":[{"href":"https:\/\/zabnica.e-przedszkolak.eu\/archiwum\/wp-json\/wp\/v2\/types\/post"}],"author":[{"embeddable":true,"href":"https:\/\/zabnica.e-przedszkolak.eu\/archiwum\/wp-json\/wp\/v2\/users\/3"}],"replies":[{"embeddable":true,"href":"https:\/\/zabnica.e-przedszkolak.eu\/archiwum\/wp-json\/wp\/v2\/comments?post=5460"}],"version-history":[{"count":1,"href":"https:\/\/zabnica.e-przedszkolak.eu\/archiwum\/wp-json\/wp\/v2\/posts\/5460\/revisions"}],"predecessor-version":[{"id":5463,"href":"https:\/\/zabnica.e-przedszkolak.eu\/archiwum\/wp-json\/wp\/v2\/posts\/5460\/revisions\/5463"}],"wp:featuredmedia":[{"embeddable":true,"href":"https:\/\/zabnica.e-przedszkolak.eu\/archiwum\/wp-json\/wp\/v2\/media\/5466"}],"wp:attachment":[{"href":"https:\/\/zabnica.e-przedszkolak.eu\/archiwum\/wp-json\/wp\/v2\/media?parent=5460"}],"wp:term":[{"taxonomy":"category","embeddable":true,"href":"https:\/\/zabnica.e-przedszkolak.eu\/archiwum\/wp-json\/wp\/v2\/categories?post=5460"},{"taxonomy":"post_tag","embeddable":true,"href":"https:\/\/zabnica.e-przedszkolak.eu\/archiwum\/wp-json\/wp\/v2\/tags?post=5460"}],"curies":[{"name":"wp","href":"https:\/\/api.w.org\/{rel}","templated":true}]}}