 {"id":5486,"date":"2024-11-25T17:09:11","date_gmt":"2024-11-25T16:09:11","guid":{"rendered":"https:\/\/zabnica.e-przedszkolak.eu\/?p=5486"},"modified":"2024-11-25T17:11:14","modified_gmt":"2024-11-25T16:11:14","slug":"miedzynarodowy-dzien-praw-dziecka","status":"publish","type":"post","link":"https:\/\/zabnica.e-przedszkolak.eu\/archiwum\/2024\/11\/25\/miedzynarodowy-dzien-praw-dziecka\/","title":{"rendered":"Mi\u0119dzynarodowy Dzie\u0144 Praw Dziecka"},"content":{"rendered":"<p style=\"text-align: justify;\">20 listopada Mi\u0119dzynarodowy Dzie\u0144 Praw Dziecka. Jest to bardzo wa\u017cne wydarzenie w \u017cyciu wszystkich dzieci. Nasze przedszkolaki pozna\u0142y swoje prawa oraz nauczy\u0142y si\u0119 odr\u00f3\u017cnia\u0107 je od obowi\u0105zk\u00f3w. Na podstawie obrazk\u00f3w dzieci dokonywa\u0142y wyboru dotycz\u0105cego sytuacji, w kt\u00f3rych prawa nie s\u0105 przestrzegane. Dowiedzia\u0142y si\u0119 r\u00f3wnie\u017c, gdzie mo\u017cna szuka\u0107 pomocy w przypadku, kiedy prawa dziecka s\u0105 \u0142amane.<!--more-->Na koniec wykona\u0142y plakat promuj\u0105cy ten znacz\u0105cy dzie\u0144. Niebieski kolor, kt\u00f3ry nam towarzyszy\u0142 stanowi symbol solidarno\u015bci ze wszystkimi dzie\u0107mi na \u015bwiecie, r\u00f3wnie\u017c tymi, kt\u00f3rych prawa nie s\u0105 przestrzegane.<\/p>\nngg_shortcode_0_placeholder\n","protected":false},"excerpt":{"rendered":"<p>20 listopada Mi\u0119dzynarodowy Dzie\u0144 Praw Dziecka. Jest to bardzo wa\u017cne wydarzenie w \u017cyciu wszystkich dzieci. Nasze przedszkolaki pozna\u0142y swoje prawa oraz nauczy\u0142y si\u0119 odr\u00f3\u017cnia\u0107 je od obowi\u0105zk\u00f3w. Na podstawie obrazk\u00f3w dzieci dokonywa\u0142y wyboru dotycz\u0105cego sytuacji, w kt\u00f3rych prawa nie s\u0105 przestrzegane. Dowiedzia\u0142y si\u0119 r\u00f3wnie\u017c, gdzie mo\u017cna szuka\u0107 pomocy w przypadku, kiedy prawa dziecka s\u0105 \u0142amane.<\/p>\n","protected":false},"author":3,"featured_media":5501,"comment_status":"closed","ping_status":"open","sticky":false,"template":"","format":"standard","meta":{"ngg_post_thumbnail":0,"footnotes":""},"categories":[1],"tags":[],"class_list":["post-5486","post","type-post","status-publish","format-standard","has-post-thumbnail","hentry","category-bez-kategorii"],"_links":{"self":[{"href":"https:\/\/zabnica.e-przedszkolak.eu\/archiwum\/wp-json\/wp\/v2\/posts\/5486","targetHints":{"allow":["GET"]}}],"collection":[{"href":"https:\/\/zabnica.e-przedszkolak.eu\/archiwum\/wp-json\/wp\/v2\/posts"}],"about":[{"href":"https:\/\/zabnica.e-przedszkolak.eu\/archiwum\/wp-json\/wp\/v2\/types\/post"}],"author":[{"embeddable":true,"href":"https:\/\/zabnica.e-przedszkolak.eu\/archiwum\/wp-json\/wp\/v2\/users\/3"}],"replies":[{"embeddable":true,"href":"https:\/\/zabnica.e-przedszkolak.eu\/archiwum\/wp-json\/wp\/v2\/comments?post=5486"}],"version-history":[{"count":1,"href":"https:\/\/zabnica.e-przedszkolak.eu\/archiwum\/wp-json\/wp\/v2\/posts\/5486\/revisions"}],"predecessor-version":[{"id":5500,"href":"https:\/\/zabnica.e-przedszkolak.eu\/archiwum\/wp-json\/wp\/v2\/posts\/5486\/revisions\/5500"}],"wp:featuredmedia":[{"embeddable":true,"href":"https:\/\/zabnica.e-przedszkolak.eu\/archiwum\/wp-json\/wp\/v2\/media\/5501"}],"wp:attachment":[{"href":"https:\/\/zabnica.e-przedszkolak.eu\/archiwum\/wp-json\/wp\/v2\/media?parent=5486"}],"wp:term":[{"taxonomy":"category","embeddable":true,"href":"https:\/\/zabnica.e-przedszkolak.eu\/archiwum\/wp-json\/wp\/v2\/categories?post=5486"},{"taxonomy":"post_tag","embeddable":true,"href":"https:\/\/zabnica.e-przedszkolak.eu\/archiwum\/wp-json\/wp\/v2\/tags?post=5486"}],"curies":[{"name":"wp","href":"https:\/\/api.w.org\/{rel}","templated":true}]}}