 {"id":5503,"date":"2024-11-25T17:14:59","date_gmt":"2024-11-25T16:14:59","guid":{"rendered":"https:\/\/zabnica.e-przedszkolak.eu\/?p=5503"},"modified":"2024-11-25T17:15:40","modified_gmt":"2024-11-25T16:15:40","slug":"dzien-pluszowego-misia-4","status":"publish","type":"post","link":"https:\/\/zabnica.e-przedszkolak.eu\/archiwum\/2024\/11\/25\/dzien-pluszowego-misia-4\/","title":{"rendered":"Dzie\u0144 pluszowego misia"},"content":{"rendered":"<p dir=\"ltr\">W listopadzie swoje \u015bwi\u0119to obchodzi najlepszy przyjaciel maluch\u00f3w i najmilsza&nbsp;przytulanka przy zasypianiu \u2013&nbsp;Pluszowy Mi\u015b. W naszym przedszkolu wszystkie grupy uczci\u0142y to \u015bwi\u0119to \u015bpiewem i r\u00f3\u017cnymi zabawami zwi\u0105zanymi z pluszowym misiem. Odwiedzi\u0142 nas r\u00f3wnie\u017c wielki mi\u015b, kt\u00f3ry towarzyszy\u0142 nam w wspania\u0142ej zabawie&#8230;&nbsp; Dzieci na d\u0142ugo zapami\u0119taj\u0105 ten cudowny dzie\u0144.<\/p>\n<p dir=\"ltr\"><!--more--><\/p>\n<p dir=\"ltr\" style=\"text-align: center;\"><em>Pluszowy Mi\u015b, z wystawy mi\u015b,<\/em><\/p>\n<p dir=\"ltr\" style=\"text-align: center;\"><em>na spacer chcia\u0142 do dzieci i\u015b\u0107,<\/em><\/p>\n<p dir=\"ltr\" style=\"text-align: center;\"><em>a \u017ce by\u0142 zuch, ten dzielny mi\u015b,<\/em><\/p>\n<p dir=\"ltr\" style=\"text-align: center;\"><em>zastuka\u0142 do przedszkolnych drzwi<\/em><\/p>\nngg_shortcode_0_placeholder\n","protected":false},"excerpt":{"rendered":"<p>W listopadzie swoje \u015bwi\u0119to obchodzi najlepszy przyjaciel maluch\u00f3w i najmilsza&nbsp;przytulanka przy zasypianiu \u2013&nbsp;Pluszowy Mi\u015b. W naszym przedszkolu wszystkie grupy uczci\u0142y to \u015bwi\u0119to \u015bpiewem i r\u00f3\u017cnymi zabawami zwi\u0105zanymi z pluszowym misiem. Odwiedzi\u0142 nas r\u00f3wnie\u017c wielki mi\u015b, kt\u00f3ry towarzyszy\u0142 nam w wspania\u0142ej zabawie&#8230;&nbsp; Dzieci na d\u0142ugo zapami\u0119taj\u0105 ten cudowny dzie\u0144.<\/p>\n","protected":false},"author":3,"featured_media":5515,"comment_status":"closed","ping_status":"open","sticky":false,"template":"","format":"standard","meta":{"ngg_post_thumbnail":0,"footnotes":""},"categories":[1],"tags":[],"class_list":["post-5503","post","type-post","status-publish","format-standard","has-post-thumbnail","hentry","category-bez-kategorii"],"_links":{"self":[{"href":"https:\/\/zabnica.e-przedszkolak.eu\/archiwum\/wp-json\/wp\/v2\/posts\/5503","targetHints":{"allow":["GET"]}}],"collection":[{"href":"https:\/\/zabnica.e-przedszkolak.eu\/archiwum\/wp-json\/wp\/v2\/posts"}],"about":[{"href":"https:\/\/zabnica.e-przedszkolak.eu\/archiwum\/wp-json\/wp\/v2\/types\/post"}],"author":[{"embeddable":true,"href":"https:\/\/zabnica.e-przedszkolak.eu\/archiwum\/wp-json\/wp\/v2\/users\/3"}],"replies":[{"embeddable":true,"href":"https:\/\/zabnica.e-przedszkolak.eu\/archiwum\/wp-json\/wp\/v2\/comments?post=5503"}],"version-history":[{"count":2,"href":"https:\/\/zabnica.e-przedszkolak.eu\/archiwum\/wp-json\/wp\/v2\/posts\/5503\/revisions"}],"predecessor-version":[{"id":5517,"href":"https:\/\/zabnica.e-przedszkolak.eu\/archiwum\/wp-json\/wp\/v2\/posts\/5503\/revisions\/5517"}],"wp:featuredmedia":[{"embeddable":true,"href":"https:\/\/zabnica.e-przedszkolak.eu\/archiwum\/wp-json\/wp\/v2\/media\/5515"}],"wp:attachment":[{"href":"https:\/\/zabnica.e-przedszkolak.eu\/archiwum\/wp-json\/wp\/v2\/media?parent=5503"}],"wp:term":[{"taxonomy":"category","embeddable":true,"href":"https:\/\/zabnica.e-przedszkolak.eu\/archiwum\/wp-json\/wp\/v2\/categories?post=5503"},{"taxonomy":"post_tag","embeddable":true,"href":"https:\/\/zabnica.e-przedszkolak.eu\/archiwum\/wp-json\/wp\/v2\/tags?post=5503"}],"curies":[{"name":"wp","href":"https:\/\/api.w.org\/{rel}","templated":true}]}}