 {"id":5519,"date":"2024-12-02T12:31:26","date_gmt":"2024-12-02T11:31:26","guid":{"rendered":"https:\/\/zabnica.e-przedszkolak.eu\/?p=5519"},"modified":"2024-12-02T12:31:26","modified_gmt":"2024-12-02T11:31:26","slug":"przygotowania-zwierzat-do-zimy-lekcja-biblioteczna%f0%9f%8c%b2%f0%9f%90%ba%f0%9f%90%bb%f0%9f%90%bf%ef%b8%8f%f0%9f%8c%b2%f0%9f%a6%94%f0%9f%90%bf%ef%b8%8f%f0%9f%a6%89","status":"publish","type":"post","link":"https:\/\/zabnica.e-przedszkolak.eu\/archiwum\/2024\/12\/02\/przygotowania-zwierzat-do-zimy-lekcja-biblioteczna%f0%9f%8c%b2%f0%9f%90%ba%f0%9f%90%bb%f0%9f%90%bf%ef%b8%8f%f0%9f%8c%b2%f0%9f%a6%94%f0%9f%90%bf%ef%b8%8f%f0%9f%a6%89\/","title":{"rendered":"Przygotowania zwierz\u0105t do zimy &#8211; lekcja biblioteczna\ud83c\udf32\ud83d\udc3a\ud83d\udc3b\ud83d\udc3f\ufe0f\ud83c\udf32\ud83e\udd94\ud83d\udc3f\ufe0f\ud83e\udd89"},"content":{"rendered":"<p dir=\"ltr\" style=\"text-align: justify;\">Dzisiaj w filii bibliotecznej w \u017babnicy odby\u0142o si\u0119 spotkanie edukacyjno-artystyczne skierowane do przedszkolak\u00f3w. G\u0142\u00f3wnym tematem zaj\u0119\u0107 by\u0142y przygotowania zwierz\u0105t do zimy, a celem spotkania by\u0142o wprowadzenie dzieci do zagadnienia zwi\u0105zanego z przyrod\u0105, porami roku i zachowaniami zwierz\u0105t w okresie jesienno-zimowym.<!--more--><\/p>\n<p dir=\"ltr\" style=\"text-align: justify;\">Zaj\u0119cia rozpocz\u0119\u0142y si\u0119 od ciep\u0142ego powitania dzieci przez bibliotekark\u0119, kt\u00f3ra wprowadzi\u0142a je w tematyk\u0119 spotkania. W prosty, ale jednocze\u015bnie ciekawy spos\u00f3b opowiedzia\u0142a o zmianach zachodz\u0105cych w przyrodzie p\u00f3\u017an\u0105 jesieni\u0105. Przedszkolaki dowiedzia\u0142y si\u0119, jak zmienia si\u0119 las w tym czasie, co dzieje si\u0119 z li\u015b\u0107mi, jak reaguj\u0105 drzewa na obni\u017caj\u0105c\u0105 si\u0119 temperatur\u0119, a przede wszystkim &#8211; jak zwierz\u0119ta przygotowuj\u0105 si\u0119 na nadej\u015bcie zimy. Bibliotekarka wspomnia\u0142a o wiewi\u00f3rkach gromadz\u0105cych zapasy, je\u017cach szukaj\u0105cych schronienia w kopcach li\u015bci, nied\u017awiedziach zasypiaj\u0105cych w gawrach oraz ptakach odlatuj\u0105cych do ciep\u0142ych kraj\u00f3w.<\/p>\n<p dir=\"ltr\" style=\"text-align: justify;\">Kolejnym punktem programu by\u0142 wsp\u00f3lne czytanie opowiadania M. Galicy pt. &#8222;Pajacyk Fik Myk szuka mieszkania na zim\u0119&#8221;. Dzieci z uwag\u0105 wys\u0142ucha\u0142y historii i przygodach pajacyka, a nast\u0119pnie aktywnie uczestniczy\u0142y w rozmowie na temat tre\u015bci opowiadania. Pytania zadawane przez bibliotekark\u0119, takie jak: &#8222;Jakie zwierz\u0119ta zasypiaj\u0105 na zim\u0119?&#8221;, &#8222;Co to jest gawra?&#8221;, &#8222;Gdzie zimuj\u0105 je\u017ce?&#8221;, &#8222;Kt\u00f3re zwierz\u0119ta robi\u0105 zapasy na zim\u0119?&#8221;, zach\u0119ca\u0142y dzieci do my\u015blenia&nbsp; i dzielenia si\u0119 swoimi pomys\u0142ami. Niekt\u00f3re dzieci zaskoczy\u0142y swoj\u0105 wiedz\u0105, opowiadaj\u0105c o tym, jak dzi\u0119cio\u0142y chowaj\u0105 \u017co\u0142\u0119dzie w korze drzew czy jak bobry buduj\u0105 \u017ceremia.<\/p>\n<p dir=\"ltr\" style=\"text-align: justify;\">W cz\u0119\u015bci plastycznej przedszkolaki mia\u0142y okazj\u0119 da\u0107 upust swojej wyobra\u017ani i kreatywno\u015bci. Dzieci otrzyma\u0142y przygotowane wcze\u015bniej kontury zwierz\u0105t &#8211; wiewi\u00f3rek, je\u017cy, nied\u017awiedzi &#8211; oraz li\u015bci do pokolorowania i wyci\u0119cia. Z du\u017cym entuzjazmem zabra\u0142y si\u0119 do pracy, wykorzystuj\u0105c kredki, flamastry, a tak\u017ce brokat i kolorowy papier, aby ozdobi\u0107 swoje postacie. Nast\u0119pnie, na du\u017cych arkuszach papieru, ka\u017cde dziecko tworzy\u0142o mieszkanie dla wybranych zwierz\u0105t. Pojawi\u0142y si\u0119 wi\u0119c&nbsp; gawry dla nied\u017awiedzi, li\u015bciaste kryj\u00f3wki dla je\u017cy oraz dziuple pe\u0142ne zapas\u00f3w orzech\u00f3w dla wiewi\u00f3rek. Powsta\u0142e prac\u0119 by\u0142y pe\u0142ne kolor\u00f3w, kreatywnych pomys\u0142\u00f3w i r\u00f3\u017cnorodnych detali.<br \/>\nOstatnim elementem spotkania by\u0142a wsp\u00f3lna zabawa przy muzyce &#8211; &#8222;Stary nied\u017awied\u017a, mocno \u015bpi&#8221;. Zabawa stanowi\u0142a doskona\u0142e podsumowanie&nbsp; zaj\u0119\u0107 i pozwoli\u0142a przedszkolakom na chwil\u0119&nbsp;&nbsp; ruchu oraz integracj\u0119 w grupie.<\/p>\n<p dir=\"ltr\" style=\"text-align: justify;\">Podsumowuj\u0105c, zaj\u0119cia by\u0142y bardzo udane. Dzi\u0119ki zr\u00f3\u017cnicowanym formom pracy &#8211; czytaniu, rozmowie, zaj\u0119ciom plastycznym i zabawie ruchowej &#8211; dzieci mog\u0142y poszerzy\u0107 swoj\u0105 wiedz\u0119 o przyrodzie, rozwin\u0105\u0107 zdolno\u015bci manualne i kreatywno\u015b\u0107, a tak\u017ce aktywnie si\u0119 bawi\u0107. Spotkanie przebieg\u0142o w przyjaznej atmosferze, co z pewno\u015bci\u0105 zach\u0119ci m\u0142odych uczestnik\u00f3w do ponownych odwiedzin w bibliotece.<\/p>\nngg_shortcode_0_placeholder\n","protected":false},"excerpt":{"rendered":"<p>Dzisiaj w filii bibliotecznej w \u017babnicy odby\u0142o si\u0119 spotkanie edukacyjno-artystyczne skierowane do przedszkolak\u00f3w. G\u0142\u00f3wnym tematem zaj\u0119\u0107 by\u0142y przygotowania zwierz\u0105t do zimy, a celem spotkania by\u0142o wprowadzenie dzieci do zagadnienia zwi\u0105zanego z przyrod\u0105, porami roku i zachowaniami zwierz\u0105t w okresie jesienno-zimowym.<\/p>\n","protected":false},"author":3,"featured_media":5532,"comment_status":"closed","ping_status":"open","sticky":false,"template":"","format":"standard","meta":{"ngg_post_thumbnail":0,"footnotes":""},"categories":[1],"tags":[],"class_list":["post-5519","post","type-post","status-publish","format-standard","has-post-thumbnail","hentry","category-bez-kategorii"],"_links":{"self":[{"href":"https:\/\/zabnica.e-przedszkolak.eu\/archiwum\/wp-json\/wp\/v2\/posts\/5519","targetHints":{"allow":["GET"]}}],"collection":[{"href":"https:\/\/zabnica.e-przedszkolak.eu\/archiwum\/wp-json\/wp\/v2\/posts"}],"about":[{"href":"https:\/\/zabnica.e-przedszkolak.eu\/archiwum\/wp-json\/wp\/v2\/types\/post"}],"author":[{"embeddable":true,"href":"https:\/\/zabnica.e-przedszkolak.eu\/archiwum\/wp-json\/wp\/v2\/users\/3"}],"replies":[{"embeddable":true,"href":"https:\/\/zabnica.e-przedszkolak.eu\/archiwum\/wp-json\/wp\/v2\/comments?post=5519"}],"version-history":[{"count":1,"href":"https:\/\/zabnica.e-przedszkolak.eu\/archiwum\/wp-json\/wp\/v2\/posts\/5519\/revisions"}],"predecessor-version":[{"id":5533,"href":"https:\/\/zabnica.e-przedszkolak.eu\/archiwum\/wp-json\/wp\/v2\/posts\/5519\/revisions\/5533"}],"wp:featuredmedia":[{"embeddable":true,"href":"https:\/\/zabnica.e-przedszkolak.eu\/archiwum\/wp-json\/wp\/v2\/media\/5532"}],"wp:attachment":[{"href":"https:\/\/zabnica.e-przedszkolak.eu\/archiwum\/wp-json\/wp\/v2\/media?parent=5519"}],"wp:term":[{"taxonomy":"category","embeddable":true,"href":"https:\/\/zabnica.e-przedszkolak.eu\/archiwum\/wp-json\/wp\/v2\/categories?post=5519"},{"taxonomy":"post_tag","embeddable":true,"href":"https:\/\/zabnica.e-przedszkolak.eu\/archiwum\/wp-json\/wp\/v2\/tags?post=5519"}],"curies":[{"name":"wp","href":"https:\/\/api.w.org\/{rel}","templated":true}]}}