 {"id":5572,"date":"2024-12-17T18:52:02","date_gmt":"2024-12-17T17:52:02","guid":{"rendered":"https:\/\/zabnica.e-przedszkolak.eu\/?p=5572"},"modified":"2024-12-17T18:52:02","modified_gmt":"2024-12-17T17:52:02","slug":"szlachetna-paczka","status":"publish","type":"post","link":"https:\/\/zabnica.e-przedszkolak.eu\/archiwum\/2024\/12\/17\/szlachetna-paczka\/","title":{"rendered":"Szlachetna paczka"},"content":{"rendered":"<p dir=\"ltr\" style=\"text-align: justify;\">Drodzy rodzice!<\/p>\n<p dir=\"ltr\" style=\"text-align: justify;\">Bardzo dzi\u0119kujemy za wsparcie tegorocznej Szlachetnej paczki! Wszystkie przekazane dary zosta\u0142y wczoraj przewiezione z pozosta\u0142ymi potrzebnymi rzeczami do g\u0142\u00f3wnego magazynu SZLACHETNEJ PACZKI w naszym regionie. Bardzo dzi\u0119kujemy za Wasze nieocenione wsparcie i wielkie serca! Jak zwykle nas nie zawiedli\u015bcie! <!--more-->Dzi\u0119ki Wam na twarzach potrzebuj\u0105cych z pewno\u015bci\u0105 w te \u015awi\u0119ta zago\u015bci u\u015bmiech. DZI\u0118KUJEMY!<\/p>\nngg_shortcode_0_placeholder\n","protected":false},"excerpt":{"rendered":"<p>Drodzy rodzice! Bardzo dzi\u0119kujemy za wsparcie tegorocznej Szlachetnej paczki! Wszystkie przekazane dary zosta\u0142y wczoraj przewiezione z pozosta\u0142ymi potrzebnymi rzeczami do g\u0142\u00f3wnego magazynu SZLACHETNEJ PACZKI w naszym regionie. Bardzo dzi\u0119kujemy za Wasze nieocenione wsparcie i wielkie serca! Jak zwykle nas nie zawiedli\u015bcie!<\/p>\n","protected":false},"author":3,"featured_media":5577,"comment_status":"closed","ping_status":"open","sticky":false,"template":"","format":"standard","meta":{"ngg_post_thumbnail":0,"footnotes":""},"categories":[1],"tags":[],"class_list":["post-5572","post","type-post","status-publish","format-standard","has-post-thumbnail","hentry","category-bez-kategorii"],"_links":{"self":[{"href":"https:\/\/zabnica.e-przedszkolak.eu\/archiwum\/wp-json\/wp\/v2\/posts\/5572","targetHints":{"allow":["GET"]}}],"collection":[{"href":"https:\/\/zabnica.e-przedszkolak.eu\/archiwum\/wp-json\/wp\/v2\/posts"}],"about":[{"href":"https:\/\/zabnica.e-przedszkolak.eu\/archiwum\/wp-json\/wp\/v2\/types\/post"}],"author":[{"embeddable":true,"href":"https:\/\/zabnica.e-przedszkolak.eu\/archiwum\/wp-json\/wp\/v2\/users\/3"}],"replies":[{"embeddable":true,"href":"https:\/\/zabnica.e-przedszkolak.eu\/archiwum\/wp-json\/wp\/v2\/comments?post=5572"}],"version-history":[{"count":1,"href":"https:\/\/zabnica.e-przedszkolak.eu\/archiwum\/wp-json\/wp\/v2\/posts\/5572\/revisions"}],"predecessor-version":[{"id":5578,"href":"https:\/\/zabnica.e-przedszkolak.eu\/archiwum\/wp-json\/wp\/v2\/posts\/5572\/revisions\/5578"}],"wp:featuredmedia":[{"embeddable":true,"href":"https:\/\/zabnica.e-przedszkolak.eu\/archiwum\/wp-json\/wp\/v2\/media\/5577"}],"wp:attachment":[{"href":"https:\/\/zabnica.e-przedszkolak.eu\/archiwum\/wp-json\/wp\/v2\/media?parent=5572"}],"wp:term":[{"taxonomy":"category","embeddable":true,"href":"https:\/\/zabnica.e-przedszkolak.eu\/archiwum\/wp-json\/wp\/v2\/categories?post=5572"},{"taxonomy":"post_tag","embeddable":true,"href":"https:\/\/zabnica.e-przedszkolak.eu\/archiwum\/wp-json\/wp\/v2\/tags?post=5572"}],"curies":[{"name":"wp","href":"https:\/\/api.w.org\/{rel}","templated":true}]}}