 {"id":5580,"date":"2024-12-18T18:02:15","date_gmt":"2024-12-18T17:02:15","guid":{"rendered":"https:\/\/zabnica.e-przedszkolak.eu\/?p=5580"},"modified":"2024-12-18T18:02:15","modified_gmt":"2024-12-18T17:02:15","slug":"jarmarki-bozonarodzeniowe","status":"publish","type":"post","link":"https:\/\/zabnica.e-przedszkolak.eu\/archiwum\/2024\/12\/18\/jarmarki-bozonarodzeniowe\/","title":{"rendered":"Jarmarki Bo\u017conarodzeniowe"},"content":{"rendered":"<p dir=\"ltr\" style=\"text-align: justify;\">Ostatnie dni by\u0142y dla naszych przedszkolak\u00f3w bardzo pracowite. Wyst\u0105pili\u015bmy na II Jarmarku Bo\u017conarodzeniowym w Ci\u015bcu oraz na 11 Jarmarku Bo\u017conarodzeniowym w Ci\u0119cinie, gdzie nasze dzieciaczki zaj\u0119\u0142y 2 miejsce. Bardzo serdecznie dzi\u0119kujemy dzieciom oraz ich rodzicom za po\u015bwi\u0119cony czas i zaanga\u017cowanie. <!--more-->\ud83d\ude18\u2764\ufe0f Jak zwykle mogli\u015bmy na Was liczy\u0107\ud83e\udd70<\/p>\nngg_shortcode_0_placeholder\n","protected":false},"excerpt":{"rendered":"<p>Ostatnie dni by\u0142y dla naszych przedszkolak\u00f3w bardzo pracowite. Wyst\u0105pili\u015bmy na II Jarmarku Bo\u017conarodzeniowym w Ci\u015bcu oraz na 11 Jarmarku Bo\u017conarodzeniowym w Ci\u0119cinie, gdzie nasze dzieciaczki zaj\u0119\u0142y 2 miejsce. Bardzo serdecznie dzi\u0119kujemy dzieciom oraz ich rodzicom za po\u015bwi\u0119cony czas i zaanga\u017cowanie.<\/p>\n","protected":false},"author":3,"featured_media":5590,"comment_status":"closed","ping_status":"open","sticky":false,"template":"","format":"standard","meta":{"ngg_post_thumbnail":0,"footnotes":""},"categories":[1],"tags":[],"class_list":["post-5580","post","type-post","status-publish","format-standard","has-post-thumbnail","hentry","category-bez-kategorii"],"_links":{"self":[{"href":"https:\/\/zabnica.e-przedszkolak.eu\/archiwum\/wp-json\/wp\/v2\/posts\/5580","targetHints":{"allow":["GET"]}}],"collection":[{"href":"https:\/\/zabnica.e-przedszkolak.eu\/archiwum\/wp-json\/wp\/v2\/posts"}],"about":[{"href":"https:\/\/zabnica.e-przedszkolak.eu\/archiwum\/wp-json\/wp\/v2\/types\/post"}],"author":[{"embeddable":true,"href":"https:\/\/zabnica.e-przedszkolak.eu\/archiwum\/wp-json\/wp\/v2\/users\/3"}],"replies":[{"embeddable":true,"href":"https:\/\/zabnica.e-przedszkolak.eu\/archiwum\/wp-json\/wp\/v2\/comments?post=5580"}],"version-history":[{"count":1,"href":"https:\/\/zabnica.e-przedszkolak.eu\/archiwum\/wp-json\/wp\/v2\/posts\/5580\/revisions"}],"predecessor-version":[{"id":5591,"href":"https:\/\/zabnica.e-przedszkolak.eu\/archiwum\/wp-json\/wp\/v2\/posts\/5580\/revisions\/5591"}],"wp:featuredmedia":[{"embeddable":true,"href":"https:\/\/zabnica.e-przedszkolak.eu\/archiwum\/wp-json\/wp\/v2\/media\/5590"}],"wp:attachment":[{"href":"https:\/\/zabnica.e-przedszkolak.eu\/archiwum\/wp-json\/wp\/v2\/media?parent=5580"}],"wp:term":[{"taxonomy":"category","embeddable":true,"href":"https:\/\/zabnica.e-przedszkolak.eu\/archiwum\/wp-json\/wp\/v2\/categories?post=5580"},{"taxonomy":"post_tag","embeddable":true,"href":"https:\/\/zabnica.e-przedszkolak.eu\/archiwum\/wp-json\/wp\/v2\/tags?post=5580"}],"curies":[{"name":"wp","href":"https:\/\/api.w.org\/{rel}","templated":true}]}}