 {"id":5593,"date":"2024-12-18T18:06:02","date_gmt":"2024-12-18T17:06:02","guid":{"rendered":"https:\/\/zabnica.e-przedszkolak.eu\/?p=5593"},"modified":"2024-12-18T18:07:01","modified_gmt":"2024-12-18T17:07:01","slug":"przeglad-koled-i-pastoralek-2","status":"publish","type":"post","link":"https:\/\/zabnica.e-przedszkolak.eu\/archiwum\/2024\/12\/18\/przeglad-koled-i-pastoralek-2\/","title":{"rendered":"Przegl\u0105d kol\u0119d i pastora\u0142ek"},"content":{"rendered":"<p>Wyst\u0119p starszak\u00f3w na X Przegl\u0105dzie Kol\u0119d i Pastora\u0142ek Polskich, kt\u00f3ry odby\u0142 si\u0119 dzi\u015b w O\u015brodku Promocji Gminy W\u0119gierska G\u00f3rka \u2764<\/p>\n<p>&nbsp;<\/p>\n<p><!--more--><\/p>\n<div class=\"wp-block-image\">\n<div style=\"width: 848px;\" class=\"wp-video\"><!--[if lt IE 9]><script>document.createElement('video');<\/script><![endif]-->\n<video class=\"wp-video-shortcode\" id=\"video-5593-1\" width=\"848\" height=\"478\" preload=\"metadata\" controls=\"controls\"><source type=\"video\/mp4\" src=\"https:\/\/zabnica.e-przedszkolak.eu\/archiwum\/wp-content\/uploads\/2024\/12\/vid-20241217-wa0041.mp4?_=1\" \/><a href=\"https:\/\/zabnica.e-przedszkolak.eu\/archiwum\/wp-content\/uploads\/2024\/12\/vid-20241217-wa0041.mp4\">https:\/\/zabnica.e-przedszkolak.eu\/archiwum\/wp-content\/uploads\/2024\/12\/vid-20241217-wa0041.mp4<\/a><\/video><\/div>\n<\/div>\n<p>&nbsp;<\/p>\n","protected":false},"excerpt":{"rendered":"<p>Wyst\u0119p starszak\u00f3w na X Przegl\u0105dzie Kol\u0119d i Pastora\u0142ek Polskich, kt\u00f3ry odby\u0142 si\u0119 dzi\u015b w O\u015brodku Promocji Gminy W\u0119gierska G\u00f3rka \u2764 &nbsp;<\/p>\n","protected":false},"author":3,"featured_media":5597,"comment_status":"closed","ping_status":"open","sticky":false,"template":"","format":"standard","meta":{"ngg_post_thumbnail":0,"footnotes":""},"categories":[1],"tags":[],"class_list":["post-5593","post","type-post","status-publish","format-standard","has-post-thumbnail","hentry","category-bez-kategorii"],"_links":{"self":[{"href":"https:\/\/zabnica.e-przedszkolak.eu\/archiwum\/wp-json\/wp\/v2\/posts\/5593","targetHints":{"allow":["GET"]}}],"collection":[{"href":"https:\/\/zabnica.e-przedszkolak.eu\/archiwum\/wp-json\/wp\/v2\/posts"}],"about":[{"href":"https:\/\/zabnica.e-przedszkolak.eu\/archiwum\/wp-json\/wp\/v2\/types\/post"}],"author":[{"embeddable":true,"href":"https:\/\/zabnica.e-przedszkolak.eu\/archiwum\/wp-json\/wp\/v2\/users\/3"}],"replies":[{"embeddable":true,"href":"https:\/\/zabnica.e-przedszkolak.eu\/archiwum\/wp-json\/wp\/v2\/comments?post=5593"}],"version-history":[{"count":3,"href":"https:\/\/zabnica.e-przedszkolak.eu\/archiwum\/wp-json\/wp\/v2\/posts\/5593\/revisions"}],"predecessor-version":[{"id":5601,"href":"https:\/\/zabnica.e-przedszkolak.eu\/archiwum\/wp-json\/wp\/v2\/posts\/5593\/revisions\/5601"}],"wp:featuredmedia":[{"embeddable":true,"href":"https:\/\/zabnica.e-przedszkolak.eu\/archiwum\/wp-json\/wp\/v2\/media\/5597"}],"wp:attachment":[{"href":"https:\/\/zabnica.e-przedszkolak.eu\/archiwum\/wp-json\/wp\/v2\/media?parent=5593"}],"wp:term":[{"taxonomy":"category","embeddable":true,"href":"https:\/\/zabnica.e-przedszkolak.eu\/archiwum\/wp-json\/wp\/v2\/categories?post=5593"},{"taxonomy":"post_tag","embeddable":true,"href":"https:\/\/zabnica.e-przedszkolak.eu\/archiwum\/wp-json\/wp\/v2\/tags?post=5593"}],"curies":[{"name":"wp","href":"https:\/\/api.w.org\/{rel}","templated":true}]}}