 {"id":5764,"date":"2025-01-17T15:51:12","date_gmt":"2025-01-17T14:51:12","guid":{"rendered":"https:\/\/zabnica.e-przedszkolak.eu\/?p=5764"},"modified":"2025-01-17T15:52:33","modified_gmt":"2025-01-17T14:52:33","slug":"spotkanie-wigilijne","status":"publish","type":"post","link":"https:\/\/zabnica.e-przedszkolak.eu\/archiwum\/2025\/01\/17\/spotkanie-wigilijne\/","title":{"rendered":"Spotkanie Wigilijne"},"content":{"rendered":"<p style=\"text-align: justify;\">Nasze pi\u0105tkowe wigilijne spotkanie rozpocz\u0119li\u015bmy przedstawieniem, w kt\u00f3rym udzia\u0142 wzi\u0119\u0142y nie tylko dzieci, ale i panie wychowawczynie\ud83e\udd29. Przes\u0142anie p\u0142yn\u0105ce z opowie\u015bci ukaza\u0142o dzieciom prawdziwy sens i warto\u015b\u0107 \u015awi\u0105t Bo\u017cego Narodzenia &#8211; tylko w gronie najbli\u017cszych i przyjaci\u00f3\u0142 ten czas jest wyj\u0105tkowy i niepowtarzalny, oraz \u017ce nikt w tym czasie nie powinien by\u0107 sam. <!--more-->Nast\u0119pnie po\u0142amali\u015bmy si\u0119 op\u0142atkiem, z\u0142o\u017cyli\u015bmy sobie \u017cyczenia i zasiedli\u015bmy wsp\u00f3lnie do sto\u0142u.<\/p>\n<p style=\"text-align: center;\"><em>&#8222;Po g\u00f3rach, dolinach<\/em><br \/>\n<em>Niech si\u0119 niesie ta nowina<\/em><br \/>\n<em>Rado\u015bnie \u015bpiewajmy ma\u0142emu&#8230;.&#8221;<\/em><\/p>\nngg_shortcode_0_placeholder\n","protected":false},"excerpt":{"rendered":"<p>Nasze pi\u0105tkowe wigilijne spotkanie rozpocz\u0119li\u015bmy przedstawieniem, w kt\u00f3rym udzia\u0142 wzi\u0119\u0142y nie tylko dzieci, ale i panie wychowawczynie\ud83e\udd29. Przes\u0142anie p\u0142yn\u0105ce z opowie\u015bci ukaza\u0142o dzieciom prawdziwy sens i warto\u015b\u0107 \u015awi\u0105t Bo\u017cego Narodzenia &#8211; tylko w gronie najbli\u017cszych i przyjaci\u00f3\u0142 ten czas jest wyj\u0105tkowy i niepowtarzalny, oraz \u017ce nikt w tym czasie nie powinien by\u0107 sam.<\/p>\n","protected":false},"author":3,"featured_media":5777,"comment_status":"closed","ping_status":"open","sticky":false,"template":"","format":"standard","meta":{"ngg_post_thumbnail":0,"footnotes":""},"categories":[1],"tags":[],"class_list":["post-5764","post","type-post","status-publish","format-standard","has-post-thumbnail","hentry","category-bez-kategorii"],"_links":{"self":[{"href":"https:\/\/zabnica.e-przedszkolak.eu\/archiwum\/wp-json\/wp\/v2\/posts\/5764","targetHints":{"allow":["GET"]}}],"collection":[{"href":"https:\/\/zabnica.e-przedszkolak.eu\/archiwum\/wp-json\/wp\/v2\/posts"}],"about":[{"href":"https:\/\/zabnica.e-przedszkolak.eu\/archiwum\/wp-json\/wp\/v2\/types\/post"}],"author":[{"embeddable":true,"href":"https:\/\/zabnica.e-przedszkolak.eu\/archiwum\/wp-json\/wp\/v2\/users\/3"}],"replies":[{"embeddable":true,"href":"https:\/\/zabnica.e-przedszkolak.eu\/archiwum\/wp-json\/wp\/v2\/comments?post=5764"}],"version-history":[{"count":1,"href":"https:\/\/zabnica.e-przedszkolak.eu\/archiwum\/wp-json\/wp\/v2\/posts\/5764\/revisions"}],"predecessor-version":[{"id":5776,"href":"https:\/\/zabnica.e-przedszkolak.eu\/archiwum\/wp-json\/wp\/v2\/posts\/5764\/revisions\/5776"}],"wp:featuredmedia":[{"embeddable":true,"href":"https:\/\/zabnica.e-przedszkolak.eu\/archiwum\/wp-json\/wp\/v2\/media\/5777"}],"wp:attachment":[{"href":"https:\/\/zabnica.e-przedszkolak.eu\/archiwum\/wp-json\/wp\/v2\/media?parent=5764"}],"wp:term":[{"taxonomy":"category","embeddable":true,"href":"https:\/\/zabnica.e-przedszkolak.eu\/archiwum\/wp-json\/wp\/v2\/categories?post=5764"},{"taxonomy":"post_tag","embeddable":true,"href":"https:\/\/zabnica.e-przedszkolak.eu\/archiwum\/wp-json\/wp\/v2\/tags?post=5764"}],"curies":[{"name":"wp","href":"https:\/\/api.w.org\/{rel}","templated":true}]}}