 {"id":5780,"date":"2025-01-27T17:33:36","date_gmt":"2025-01-27T16:33:36","guid":{"rendered":"https:\/\/zabnica.e-przedszkolak.eu\/?p=5780"},"modified":"2025-01-27T17:33:36","modified_gmt":"2025-01-27T16:33:36","slug":"teatrzyk-3","status":"publish","type":"post","link":"https:\/\/zabnica.e-przedszkolak.eu\/archiwum\/2025\/01\/27\/teatrzyk-3\/","title":{"rendered":"Teatrzyk"},"content":{"rendered":"<p style=\"text-align: justify;\">Ostatnio w naszym przedszkolu ju\u017c po raz kolejny, go\u015bcili\u015bmy Teatr Eden z Wieliczki z przedstawieniem pt:,, Niepokonany Olbrzym&#8221;. Ta zabawna i pouczaj\u0105ca historia jest kontynuacj\u0105 przyg\u00f3d Dawida, znanego nam z przedstawienia o \u201eOdwa\u017cnym pastuszku\u201d.<!--more--><br \/>\nG\u0142\u00f3wny bohater Dawid po raz kolejny musia\u0142 wykaza\u0107 si\u0119 odwag\u0105, by uratowa\u0107 kr\u00f3lestwo. Tym razem kr\u00f3lowi i poddanym zagra\u017ca\u0142 olbrzym, kt\u00f3ry zastrasza\u0142 i okrada\u0142 mieszka\u0144c\u00f3w. Jednak pomys\u0142owy Dawid swoim sprytem pokona\u0142 olbrzyma.<\/p>\nngg_shortcode_0_placeholder\n","protected":false},"excerpt":{"rendered":"<p>Ostatnio w naszym przedszkolu ju\u017c po raz kolejny, go\u015bcili\u015bmy Teatr Eden z Wieliczki z przedstawieniem pt:,, Niepokonany Olbrzym&#8221;. Ta zabawna i pouczaj\u0105ca historia jest kontynuacj\u0105 przyg\u00f3d Dawida, znanego nam z przedstawienia o \u201eOdwa\u017cnym pastuszku\u201d.<\/p>\n","protected":false},"author":3,"featured_media":5790,"comment_status":"closed","ping_status":"open","sticky":false,"template":"","format":"standard","meta":{"ngg_post_thumbnail":0,"footnotes":""},"categories":[1],"tags":[],"class_list":["post-5780","post","type-post","status-publish","format-standard","has-post-thumbnail","hentry","category-bez-kategorii"],"_links":{"self":[{"href":"https:\/\/zabnica.e-przedszkolak.eu\/archiwum\/wp-json\/wp\/v2\/posts\/5780","targetHints":{"allow":["GET"]}}],"collection":[{"href":"https:\/\/zabnica.e-przedszkolak.eu\/archiwum\/wp-json\/wp\/v2\/posts"}],"about":[{"href":"https:\/\/zabnica.e-przedszkolak.eu\/archiwum\/wp-json\/wp\/v2\/types\/post"}],"author":[{"embeddable":true,"href":"https:\/\/zabnica.e-przedszkolak.eu\/archiwum\/wp-json\/wp\/v2\/users\/3"}],"replies":[{"embeddable":true,"href":"https:\/\/zabnica.e-przedszkolak.eu\/archiwum\/wp-json\/wp\/v2\/comments?post=5780"}],"version-history":[{"count":1,"href":"https:\/\/zabnica.e-przedszkolak.eu\/archiwum\/wp-json\/wp\/v2\/posts\/5780\/revisions"}],"predecessor-version":[{"id":5791,"href":"https:\/\/zabnica.e-przedszkolak.eu\/archiwum\/wp-json\/wp\/v2\/posts\/5780\/revisions\/5791"}],"wp:featuredmedia":[{"embeddable":true,"href":"https:\/\/zabnica.e-przedszkolak.eu\/archiwum\/wp-json\/wp\/v2\/media\/5790"}],"wp:attachment":[{"href":"https:\/\/zabnica.e-przedszkolak.eu\/archiwum\/wp-json\/wp\/v2\/media?parent=5780"}],"wp:term":[{"taxonomy":"category","embeddable":true,"href":"https:\/\/zabnica.e-przedszkolak.eu\/archiwum\/wp-json\/wp\/v2\/categories?post=5780"},{"taxonomy":"post_tag","embeddable":true,"href":"https:\/\/zabnica.e-przedszkolak.eu\/archiwum\/wp-json\/wp\/v2\/tags?post=5780"}],"curies":[{"name":"wp","href":"https:\/\/api.w.org\/{rel}","templated":true}]}}