 {"id":5793,"date":"2025-01-27T17:36:14","date_gmt":"2025-01-27T16:36:14","guid":{"rendered":"https:\/\/zabnica.e-przedszkolak.eu\/?p=5793"},"modified":"2025-01-27T17:36:28","modified_gmt":"2025-01-27T16:36:28","slug":"wielka-orkiestra-swiatecznej-pomocy","status":"publish","type":"post","link":"https:\/\/zabnica.e-przedszkolak.eu\/archiwum\/2025\/01\/27\/wielka-orkiestra-swiatecznej-pomocy\/","title":{"rendered":"Wielka Orkiestra \u015awi\u0105tecznej Pomocy"},"content":{"rendered":"<p dir=\"ltr\">Przedszkolaki z \u017babnicy dla WO\u015aP \u2764\ufe0f To ju\u017c tradycja, \u017ce nasze przedszkolaki wyst\u0119puj\u0105 dla Wielkiej Orkiestry \u015awi\u0105tecznej Pomocy. Korow\u00f3d najm\u0142odszych dziad\u00f3w z \u017babnicy po raz kolejny pi\u0119knie zaprezentowa\u0142 si\u0119 publiczno\u015bci \ud83e\udd70<br \/>\nSerdecznie dzi\u0119kujemy dzieciom i ich rodzicom za wasze dobre serduszka i wsparcie najlepszej Orkiestry na \u015bwiecie \u2764\ufe0f\u2763\ufe0f\u2764\ufe0f<!--more--><\/p>\nngg_shortcode_0_placeholder\n<p dir=\"ltr\"><!--more--><\/p>\n","protected":false},"excerpt":{"rendered":"<p>Przedszkolaki z \u017babnicy dla WO\u015aP \u2764\ufe0f To ju\u017c tradycja, \u017ce nasze przedszkolaki wyst\u0119puj\u0105 dla Wielkiej Orkiestry \u015awi\u0105tecznej Pomocy. Korow\u00f3d najm\u0142odszych dziad\u00f3w z \u017babnicy po raz kolejny pi\u0119knie zaprezentowa\u0142 si\u0119 publiczno\u015bci \ud83e\udd70 Serdecznie dzi\u0119kujemy dzieciom i ich rodzicom za wasze dobre serduszka i wsparcie najlepszej Orkiestry na \u015bwiecie \u2764\ufe0f\u2763\ufe0f\u2764\ufe0f<\/p>\n","protected":false},"author":3,"featured_media":5803,"comment_status":"closed","ping_status":"open","sticky":false,"template":"","format":"standard","meta":{"ngg_post_thumbnail":0,"footnotes":""},"categories":[1],"tags":[],"class_list":["post-5793","post","type-post","status-publish","format-standard","has-post-thumbnail","hentry","category-bez-kategorii"],"_links":{"self":[{"href":"https:\/\/zabnica.e-przedszkolak.eu\/archiwum\/wp-json\/wp\/v2\/posts\/5793","targetHints":{"allow":["GET"]}}],"collection":[{"href":"https:\/\/zabnica.e-przedszkolak.eu\/archiwum\/wp-json\/wp\/v2\/posts"}],"about":[{"href":"https:\/\/zabnica.e-przedszkolak.eu\/archiwum\/wp-json\/wp\/v2\/types\/post"}],"author":[{"embeddable":true,"href":"https:\/\/zabnica.e-przedszkolak.eu\/archiwum\/wp-json\/wp\/v2\/users\/3"}],"replies":[{"embeddable":true,"href":"https:\/\/zabnica.e-przedszkolak.eu\/archiwum\/wp-json\/wp\/v2\/comments?post=5793"}],"version-history":[{"count":2,"href":"https:\/\/zabnica.e-przedszkolak.eu\/archiwum\/wp-json\/wp\/v2\/posts\/5793\/revisions"}],"predecessor-version":[{"id":5805,"href":"https:\/\/zabnica.e-przedszkolak.eu\/archiwum\/wp-json\/wp\/v2\/posts\/5793\/revisions\/5805"}],"wp:featuredmedia":[{"embeddable":true,"href":"https:\/\/zabnica.e-przedszkolak.eu\/archiwum\/wp-json\/wp\/v2\/media\/5803"}],"wp:attachment":[{"href":"https:\/\/zabnica.e-przedszkolak.eu\/archiwum\/wp-json\/wp\/v2\/media?parent=5793"}],"wp:term":[{"taxonomy":"category","embeddable":true,"href":"https:\/\/zabnica.e-przedszkolak.eu\/archiwum\/wp-json\/wp\/v2\/categories?post=5793"},{"taxonomy":"post_tag","embeddable":true,"href":"https:\/\/zabnica.e-przedszkolak.eu\/archiwum\/wp-json\/wp\/v2\/tags?post=5793"}],"curies":[{"name":"wp","href":"https:\/\/api.w.org\/{rel}","templated":true}]}}