 {"id":5820,"date":"2025-02-04T19:13:56","date_gmt":"2025-02-04T18:13:56","guid":{"rendered":"https:\/\/zabnica.e-przedszkolak.eu\/?p=5820"},"modified":"2025-02-04T19:13:56","modified_gmt":"2025-02-04T18:13:56","slug":"dzien-babci-i-dziadka-4","status":"publish","type":"post","link":"https:\/\/zabnica.e-przedszkolak.eu\/archiwum\/2025\/02\/04\/dzien-babci-i-dziadka-4\/","title":{"rendered":"Dzie\u0144 babci i dziadka"},"content":{"rendered":"<p dir=\"ltr\" style=\"text-align: justify;\">21 i 22 stycze\u0144 to wyj\u0105tkowe daty w kalendarzu \u2013 \u015bwi\u0119to wszystkich Bab\u0107 i Dziadk\u00f3w. To dni pe\u0142ne u\u015bmiech\u00f3w, rado\u015bci, wzrusze\u0144 i ciep\u0142a, mimo styczniowego mrozu. Dziadkowie w \u017cyciu rodzinnym s\u0105 dla swoich wnucz\u0105t \u017ar\u00f3d\u0142em wszelkich pozytywnych emocji. To w\u0142a\u015bnie Babcia i Dziadek kochaj\u0105, rozpieszczaj\u0105, kultywuj\u0105 tradycje rodzinne i opowiadaj\u0105 o swoich przodkach.&nbsp;&nbsp;Kiedy odbieraj\u0105 wnuki z przedszkola dostrzec mo\u017cna silne wi\u0119zi \u0142\u0105cz\u0105ce oba pokolenia.<!--more--><\/p>\n<p dir=\"ltr\" style=\"text-align: justify;\">&nbsp;&nbsp;&nbsp; Z okazji dnia Babci i Dziadka nasze przedszkolaki przygotowa\u0142y przedstawienia w formie muzyczno- s\u0142ownych wyst\u0105pie\u0144. W przepi\u0119knej scenografii przedszkolaki recytowa\u0142y wiersze przeplatane wzruszaj\u0105cym \u015bpiewem. Mali arty\u015bci z przej\u0119ciem prezentowali swoje umiej\u0119tno\u015bci.&nbsp; \u017byczymy wszystkim Babciom i Dziadkom du\u017co mi\u0142o\u015bci od Swoich wnuk\u00f3w, rado\u015bci, zdrowia i wszelkiej pomy\u015blno\u015bci na ka\u017cdy dzie\u0144!!!<\/p>\nngg_shortcode_0_placeholder\n","protected":false},"excerpt":{"rendered":"<p>21 i 22 stycze\u0144 to wyj\u0105tkowe daty w kalendarzu \u2013 \u015bwi\u0119to wszystkich Bab\u0107 i Dziadk\u00f3w. To dni pe\u0142ne u\u015bmiech\u00f3w, rado\u015bci, wzrusze\u0144 i ciep\u0142a, mimo styczniowego mrozu. Dziadkowie w \u017cyciu rodzinnym s\u0105 dla swoich wnucz\u0105t \u017ar\u00f3d\u0142em wszelkich pozytywnych emocji. To w\u0142a\u015bnie Babcia i Dziadek kochaj\u0105, rozpieszczaj\u0105, kultywuj\u0105 tradycje rodzinne i opowiadaj\u0105 o swoich przodkach.&nbsp;&nbsp;Kiedy odbieraj\u0105 wnuki [&hellip;]<\/p>\n","protected":false},"author":3,"featured_media":5845,"comment_status":"closed","ping_status":"open","sticky":false,"template":"","format":"standard","meta":{"ngg_post_thumbnail":0,"footnotes":""},"categories":[1],"tags":[],"class_list":["post-5820","post","type-post","status-publish","format-standard","has-post-thumbnail","hentry","category-bez-kategorii"],"_links":{"self":[{"href":"https:\/\/zabnica.e-przedszkolak.eu\/archiwum\/wp-json\/wp\/v2\/posts\/5820","targetHints":{"allow":["GET"]}}],"collection":[{"href":"https:\/\/zabnica.e-przedszkolak.eu\/archiwum\/wp-json\/wp\/v2\/posts"}],"about":[{"href":"https:\/\/zabnica.e-przedszkolak.eu\/archiwum\/wp-json\/wp\/v2\/types\/post"}],"author":[{"embeddable":true,"href":"https:\/\/zabnica.e-przedszkolak.eu\/archiwum\/wp-json\/wp\/v2\/users\/3"}],"replies":[{"embeddable":true,"href":"https:\/\/zabnica.e-przedszkolak.eu\/archiwum\/wp-json\/wp\/v2\/comments?post=5820"}],"version-history":[{"count":1,"href":"https:\/\/zabnica.e-przedszkolak.eu\/archiwum\/wp-json\/wp\/v2\/posts\/5820\/revisions"}],"predecessor-version":[{"id":5846,"href":"https:\/\/zabnica.e-przedszkolak.eu\/archiwum\/wp-json\/wp\/v2\/posts\/5820\/revisions\/5846"}],"wp:featuredmedia":[{"embeddable":true,"href":"https:\/\/zabnica.e-przedszkolak.eu\/archiwum\/wp-json\/wp\/v2\/media\/5845"}],"wp:attachment":[{"href":"https:\/\/zabnica.e-przedszkolak.eu\/archiwum\/wp-json\/wp\/v2\/media?parent=5820"}],"wp:term":[{"taxonomy":"category","embeddable":true,"href":"https:\/\/zabnica.e-przedszkolak.eu\/archiwum\/wp-json\/wp\/v2\/categories?post=5820"},{"taxonomy":"post_tag","embeddable":true,"href":"https:\/\/zabnica.e-przedszkolak.eu\/archiwum\/wp-json\/wp\/v2\/tags?post=5820"}],"curies":[{"name":"wp","href":"https:\/\/api.w.org\/{rel}","templated":true}]}}