 {"id":5855,"date":"2025-02-12T17:00:17","date_gmt":"2025-02-12T16:00:17","guid":{"rendered":"https:\/\/zabnica.e-przedszkolak.eu\/?p=5855"},"modified":"2025-02-12T17:00:17","modified_gmt":"2025-02-12T16:00:17","slug":"ratownik-medyczny-w-przedszkolu-2","status":"publish","type":"post","link":"https:\/\/zabnica.e-przedszkolak.eu\/archiwum\/2025\/02\/12\/ratownik-medyczny-w-przedszkolu-2\/","title":{"rendered":"Ratownik medyczny w Przedszkolu"},"content":{"rendered":"<p style=\"text-align: justify;\">Dzisiaj w przedszkolu go\u015bcili\u015bmy ratownika medycznego pana \u0141ukasza Zemana. Podczas warsztat\u00f3w dzieci dowiedzia\u0142y si\u0119 jak prawid\u0142owo wezwa\u0107 pomoc, jak za\u0142o\u017cy\u0107 opatrunek czy chust\u0119 tr\u00f3jk\u0105tn\u0105. Przedszkolaki mia\u0142y mo\u017cliwo\u015b\u0107 nauki prawid\u0142owej resuscytacji czy obs\u0142ugi defibrylatora. Dowiedzieli\u015bmy si\u0119 r\u00f3wnie\u017c co nale\u017cy zrobi\u0107 w przypadku zakrztuszenia.<!--more--><br \/>\nDzisiejsze spotkanie by\u0142o bardzo pouczaj\u0105ce oraz da\u0142o nam mo\u017cliwo\u015b\u0107 poznania zawodu ratownika medycznego \ud83d\udc4f\ud83d\udc4f<\/p>\nngg_shortcode_0_placeholder\n","protected":false},"excerpt":{"rendered":"<p>Dzisiaj w przedszkolu go\u015bcili\u015bmy ratownika medycznego pana \u0141ukasza Zemana. Podczas warsztat\u00f3w dzieci dowiedzia\u0142y si\u0119 jak prawid\u0142owo wezwa\u0107 pomoc, jak za\u0142o\u017cy\u0107 opatrunek czy chust\u0119 tr\u00f3jk\u0105tn\u0105. Przedszkolaki mia\u0142y mo\u017cliwo\u015b\u0107 nauki prawid\u0142owej resuscytacji czy obs\u0142ugi defibrylatora. Dowiedzieli\u015bmy si\u0119 r\u00f3wnie\u017c co nale\u017cy zrobi\u0107 w przypadku zakrztuszenia.<\/p>\n","protected":false},"author":3,"featured_media":5868,"comment_status":"closed","ping_status":"open","sticky":false,"template":"","format":"standard","meta":{"ngg_post_thumbnail":0,"footnotes":""},"categories":[1],"tags":[],"class_list":["post-5855","post","type-post","status-publish","format-standard","has-post-thumbnail","hentry","category-bez-kategorii"],"_links":{"self":[{"href":"https:\/\/zabnica.e-przedszkolak.eu\/archiwum\/wp-json\/wp\/v2\/posts\/5855","targetHints":{"allow":["GET"]}}],"collection":[{"href":"https:\/\/zabnica.e-przedszkolak.eu\/archiwum\/wp-json\/wp\/v2\/posts"}],"about":[{"href":"https:\/\/zabnica.e-przedszkolak.eu\/archiwum\/wp-json\/wp\/v2\/types\/post"}],"author":[{"embeddable":true,"href":"https:\/\/zabnica.e-przedszkolak.eu\/archiwum\/wp-json\/wp\/v2\/users\/3"}],"replies":[{"embeddable":true,"href":"https:\/\/zabnica.e-przedszkolak.eu\/archiwum\/wp-json\/wp\/v2\/comments?post=5855"}],"version-history":[{"count":1,"href":"https:\/\/zabnica.e-przedszkolak.eu\/archiwum\/wp-json\/wp\/v2\/posts\/5855\/revisions"}],"predecessor-version":[{"id":5869,"href":"https:\/\/zabnica.e-przedszkolak.eu\/archiwum\/wp-json\/wp\/v2\/posts\/5855\/revisions\/5869"}],"wp:featuredmedia":[{"embeddable":true,"href":"https:\/\/zabnica.e-przedszkolak.eu\/archiwum\/wp-json\/wp\/v2\/media\/5868"}],"wp:attachment":[{"href":"https:\/\/zabnica.e-przedszkolak.eu\/archiwum\/wp-json\/wp\/v2\/media?parent=5855"}],"wp:term":[{"taxonomy":"category","embeddable":true,"href":"https:\/\/zabnica.e-przedszkolak.eu\/archiwum\/wp-json\/wp\/v2\/categories?post=5855"},{"taxonomy":"post_tag","embeddable":true,"href":"https:\/\/zabnica.e-przedszkolak.eu\/archiwum\/wp-json\/wp\/v2\/tags?post=5855"}],"curies":[{"name":"wp","href":"https:\/\/api.w.org\/{rel}","templated":true}]}}