 {"id":5872,"date":"2025-02-18T16:42:24","date_gmt":"2025-02-18T15:42:24","guid":{"rendered":"https:\/\/zabnica.e-przedszkolak.eu\/?p=5872"},"modified":"2025-02-18T16:42:24","modified_gmt":"2025-02-18T15:42:24","slug":"karnawal-to-czas-zabaw-i-balow-takze-dla-najmlodszych%f0%9f%8e%88%f0%9f%8e%89%f0%9f%8e%8a","status":"publish","type":"post","link":"https:\/\/zabnica.e-przedszkolak.eu\/archiwum\/2025\/02\/18\/karnawal-to-czas-zabaw-i-balow-takze-dla-najmlodszych%f0%9f%8e%88%f0%9f%8e%89%f0%9f%8e%8a\/","title":{"rendered":"Karnawa\u0142 to czas zabaw i bal\u00f3w, tak\u017ce dla najm\u0142odszych\ud83c\udf88\ud83c\udf89\ud83c\udf8a"},"content":{"rendered":"<p style=\"text-align: justify;\">Kolorowe stroje i skoczna muzyka\u2013 w takiej atmosferze bawi\u0142y si\u0119 nasze przedszkolaki podczas balu karnawa\u0142owego. Dzieci z dum\u0105 prezentowa\u0142y pi\u0119kne, karnawa\u0142owe stroje oraz bra\u0142y udzia\u0142 w ta\u0144cach oraz s\u0142odkim pocz\u0119stunku.<\/p>\n<p><!--more--><\/p>\nngg_shortcode_0_placeholder\n","protected":false},"excerpt":{"rendered":"<p>Kolorowe stroje i skoczna muzyka\u2013 w takiej atmosferze bawi\u0142y si\u0119 nasze przedszkolaki podczas balu karnawa\u0142owego. Dzieci z dum\u0105 prezentowa\u0142y pi\u0119kne, karnawa\u0142owe stroje oraz bra\u0142y udzia\u0142 w ta\u0144cach oraz s\u0142odkim pocz\u0119stunku.<\/p>\n","protected":false},"author":3,"featured_media":5886,"comment_status":"closed","ping_status":"open","sticky":false,"template":"","format":"standard","meta":{"ngg_post_thumbnail":0,"footnotes":""},"categories":[1],"tags":[],"class_list":["post-5872","post","type-post","status-publish","format-standard","has-post-thumbnail","hentry","category-bez-kategorii"],"_links":{"self":[{"href":"https:\/\/zabnica.e-przedszkolak.eu\/archiwum\/wp-json\/wp\/v2\/posts\/5872","targetHints":{"allow":["GET"]}}],"collection":[{"href":"https:\/\/zabnica.e-przedszkolak.eu\/archiwum\/wp-json\/wp\/v2\/posts"}],"about":[{"href":"https:\/\/zabnica.e-przedszkolak.eu\/archiwum\/wp-json\/wp\/v2\/types\/post"}],"author":[{"embeddable":true,"href":"https:\/\/zabnica.e-przedszkolak.eu\/archiwum\/wp-json\/wp\/v2\/users\/3"}],"replies":[{"embeddable":true,"href":"https:\/\/zabnica.e-przedszkolak.eu\/archiwum\/wp-json\/wp\/v2\/comments?post=5872"}],"version-history":[{"count":2,"href":"https:\/\/zabnica.e-przedszkolak.eu\/archiwum\/wp-json\/wp\/v2\/posts\/5872\/revisions"}],"predecessor-version":[{"id":5910,"href":"https:\/\/zabnica.e-przedszkolak.eu\/archiwum\/wp-json\/wp\/v2\/posts\/5872\/revisions\/5910"}],"wp:featuredmedia":[{"embeddable":true,"href":"https:\/\/zabnica.e-przedszkolak.eu\/archiwum\/wp-json\/wp\/v2\/media\/5886"}],"wp:attachment":[{"href":"https:\/\/zabnica.e-przedszkolak.eu\/archiwum\/wp-json\/wp\/v2\/media?parent=5872"}],"wp:term":[{"taxonomy":"category","embeddable":true,"href":"https:\/\/zabnica.e-przedszkolak.eu\/archiwum\/wp-json\/wp\/v2\/categories?post=5872"},{"taxonomy":"post_tag","embeddable":true,"href":"https:\/\/zabnica.e-przedszkolak.eu\/archiwum\/wp-json\/wp\/v2\/tags?post=5872"}],"curies":[{"name":"wp","href":"https:\/\/api.w.org\/{rel}","templated":true}]}}