 {"id":74,"date":"2016-02-18T22:20:18","date_gmt":"2016-02-18T21:20:18","guid":{"rendered":"https:\/\/zabnica.e-przedszkolak.eu\/?p=74"},"modified":"2016-02-18T22:34:29","modified_gmt":"2016-02-18T21:34:29","slug":"sprintem-do-maratonu","status":"publish","type":"post","link":"https:\/\/zabnica.e-przedszkolak.eu\/archiwum\/2016\/02\/18\/sprintem-do-maratonu\/","title":{"rendered":",,Sprintem do Maratonu\u201d"},"content":{"rendered":"<p style=\"text-align: justify;\" align=\"justify\">W s\u0142oneczne \u015brodowe przedpo\u0142udnie dnia 28 pa\u017adziernika 2015 roku wszystkie przedszkolaki razem ze swoimi wychowawczyniami oraz pani\u0105 dyrektor Mari\u0105 Figur\u0105- Motyk\u0105 wzi\u0119\u0142y udzia\u0142 w I Og\u00f3lnopolskim Maratonie Przedszkolak\u00f3w i tym samym do\u0142\u0105czy\u0142y do grona ma\u0142ych marato\u0144czyk\u00f3w.<\/p>\n<p style=\"text-align: justify;\" align=\"justify\"><!--more--><\/p>\n<p style=\"text-align: justify;\" align=\"justify\">Impreza sportowa zorganizowana zosta\u0142a na miejscowym Stadionie pi\u0142karskim klubu ,,Ska\u0142ka- \u017babnica\u201d a nad jej przebiegiem czuwa\u0142y panie nauczycielki pracuj\u0105ce w Przedszkolu Publicznym w \u017babnicy. Przedszkolaki ubrane w sportowe stroje oraz podkoszulki pi\u0142karskie wyruszy\u0142y z przedszkola na Stadion pi\u0142karski, gdzie przed rozpocz\u0119ciem maratonu wzi\u0119\u0142y udzia\u0142 w rozgrzewce przeprowadzonej przez p. Basi\u0119. Nast\u0119pnie wszystkie dzieci oraz panie ustawi\u0142y si\u0119 na linii startu i pobiegli\u2026Z ogromn\u0105 rado\u015bci\u0105 oraz zapa\u0142em wszyscy uczestnicy maratonu dobiegli do Mety. Jednak apetyt dzieci na sportowe wyczyny nie mia\u0142 ko\u0144ca i jeszcze kilkakrotnie przeby\u0142y one wyznaczony dystans.<\/p>\n<p align=\"justify\">Na zako\u0144czenie Przedszkolnego Maratonu wszystkie dzieci zosta\u0142y nagrodzone wielkimi brawami oraz nagrodami. Ka\u017cdemu przedszkolakowi zosta\u0142 wr\u0119czony przez pani\u0105 dyrektor medal oraz dyplom ma\u0142ego marato\u0144czyka.<\/p>\n<p align=\"justify\">Wydarzenie to na pewno pozostanie w naszej pami\u0119ci na d\u0142ugo w postaci radosnych wspomnie\u0144. Mamy nadziej\u0119, i\u017c dzi\u0119ki takim imprezom jak ,, Maraton Przedszkolak\u00f3w\u201d zach\u0119cimy dzieci oraz ich rodzic\u00f3w do cz\u0119stszego podejmowania r\u00f3\u017cnych aktywno\u015bci fizycznych, co na pewno odbij\u0119 si\u0119 pozytywnie na ich zdrowiu oraz samopoczuciu. A kto wie, mo\u017ce w przysz\u0142o\u015bci us\u0142yszymy o wielkiej karierze sportowej, kt\u00f3rego\u015b z naszych ma\u0142ych przedszkolak\u00f3w. P\u00f3ki co, mo\u017cemy obieca\u0107, i\u017c zorganizowany ,, I Maraton Przedszkolak\u00f3w\u201d spodoba\u0142 si\u0119 tak bardzo wszystkim dzieciom jak i pani\u0105, \u017ce na pewno we\u017amiemy udzia\u0142 w kolejnej jego edycji.<\/p>\n<p align=\"right\"><em>mgr Ewa Suchanek<\/em><\/p>\n<p align=\"right\"><a href=\"https:\/\/zabnica.e-przedszkolak.eu\/archiwum\/wp-content\/uploads\/2016\/02\/zaraton.png\" rel=\"attachment wp-att-76\"><img loading=\"lazy\" decoding=\"async\" class=\"aligncenter wp-image-76\" src=\"https:\/\/zabnica.e-przedszkolak.eu\/archiwum\/wp-content\/uploads\/2016\/02\/zaraton-300x200.png\" alt=\"zaraton\" width=\"399\" height=\"266\" \/><\/a><\/p>\n","protected":false},"excerpt":{"rendered":"<p>W s\u0142oneczne \u015brodowe przedpo\u0142udnie dnia 28 pa\u017adziernika 2015 roku wszystkie przedszkolaki razem ze swoimi wychowawczyniami oraz pani\u0105 dyrektor Mari\u0105 Figur\u0105- Motyk\u0105 wzi\u0119\u0142y udzia\u0142 w I Og\u00f3lnopolskim Maratonie Przedszkolak\u00f3w i tym samym do\u0142\u0105czy\u0142y do grona ma\u0142ych marato\u0144czyk\u00f3w.<\/p>\n","protected":false},"author":2,"featured_media":76,"comment_status":"open","ping_status":"open","sticky":false,"template":"","format":"standard","meta":{"ngg_post_thumbnail":0,"footnotes":""},"categories":[1],"tags":[],"class_list":["post-74","post","type-post","status-publish","format-standard","has-post-thumbnail","hentry","category-bez-kategorii"],"_links":{"self":[{"href":"https:\/\/zabnica.e-przedszkolak.eu\/archiwum\/wp-json\/wp\/v2\/posts\/74","targetHints":{"allow":["GET"]}}],"collection":[{"href":"https:\/\/zabnica.e-przedszkolak.eu\/archiwum\/wp-json\/wp\/v2\/posts"}],"about":[{"href":"https:\/\/zabnica.e-przedszkolak.eu\/archiwum\/wp-json\/wp\/v2\/types\/post"}],"author":[{"embeddable":true,"href":"https:\/\/zabnica.e-przedszkolak.eu\/archiwum\/wp-json\/wp\/v2\/users\/2"}],"replies":[{"embeddable":true,"href":"https:\/\/zabnica.e-przedszkolak.eu\/archiwum\/wp-json\/wp\/v2\/comments?post=74"}],"version-history":[{"count":9,"href":"https:\/\/zabnica.e-przedszkolak.eu\/archiwum\/wp-json\/wp\/v2\/posts\/74\/revisions"}],"predecessor-version":[{"id":95,"href":"https:\/\/zabnica.e-przedszkolak.eu\/archiwum\/wp-json\/wp\/v2\/posts\/74\/revisions\/95"}],"wp:featuredmedia":[{"embeddable":true,"href":"https:\/\/zabnica.e-przedszkolak.eu\/archiwum\/wp-json\/wp\/v2\/media\/76"}],"wp:attachment":[{"href":"https:\/\/zabnica.e-przedszkolak.eu\/archiwum\/wp-json\/wp\/v2\/media?parent=74"}],"wp:term":[{"taxonomy":"category","embeddable":true,"href":"https:\/\/zabnica.e-przedszkolak.eu\/archiwum\/wp-json\/wp\/v2\/categories?post=74"},{"taxonomy":"post_tag","embeddable":true,"href":"https:\/\/zabnica.e-przedszkolak.eu\/archiwum\/wp-json\/wp\/v2\/tags?post=74"}],"curies":[{"name":"wp","href":"https:\/\/api.w.org\/{rel}","templated":true}]}}