 {"id":81,"date":"2016-02-18T22:25:19","date_gmt":"2016-02-18T21:25:19","guid":{"rendered":"https:\/\/zabnica.e-przedszkolak.eu\/?p=81"},"modified":"2016-02-25T23:56:36","modified_gmt":"2016-02-25T22:56:36","slug":"spotkanie-z-gornikiem","status":"publish","type":"post","link":"https:\/\/zabnica.e-przedszkolak.eu\/archiwum\/2016\/02\/18\/spotkanie-z-gornikiem\/","title":{"rendered":"Spotkanie z G\u00f3rnikiem"},"content":{"rendered":"<p style=\"text-align: justify;\">W dniu 03.12.2015 r w naszym przedszkolu odby\u0142o si\u0119 spotkanie z g\u00f3rnikiem. Dziadek naszego przedszkolaka Pan Piotr ubrany by\u0142 w pi\u0119kny, galowy mundur. Dzieci dowiedzia\u0142y si\u0119 do czego s\u0142u\u017cy\u0142y poszczeg\u00f3lne cz\u0119\u015bci prezentowanego ubioru.<!--more--><\/p>\n<p style=\"text-align: justify;\">Spotkanie to przybli\u017cy\u0142o dzieciom trud g\u00f3rniczej pracy, ich po\u015bwi\u0119cenie dla nas wszystkich, ka\u017cdego dnia, kiedy zje\u017cd\u017caj\u0105 do kopalni. My\u015bl\u0119, \u017ce dzieci dzi\u0119ki takim spotkaniom nie tylko pog\u0142\u0119biaj\u0105 wiedz\u0119, ale te\u017c ucz\u0105 si\u0119 dzi\u0119kowa\u0107 i szanowa\u0107 trud oraz prac\u0119 g\u00f3rnik\u00f3w i nie tylko.<b> <\/b><\/p>\n<p style=\"text-align: justify;\">\n<div class=\"ngg-galleryoverview ngg-slideshow\"\n\tid=\"ngg-slideshow-d62dacb43c7626d9e884f31f76816ff6-12633691420\"\n\tdata-gallery-id=\"d62dacb43c7626d9e884f31f76816ff6\"\n\tstyle=\"max-width: 600px;\n\t\t\tmax-height: 400px;\n\t\t\tdisplay: none;\">\n\n\t\n\t\t<a href=\"https:\/\/zabnica.e-przedszkolak.eu\/archiwum\/wp-content\/gallery\/spotkanie-z-gornikiem\/IMG_6350.jpg\"\n\t\t\ttitle=\"\"\n\t\t\tdata-src=\"https:\/\/zabnica.e-przedszkolak.eu\/archiwum\/wp-content\/gallery\/spotkanie-z-gornikiem\/IMG_6350.jpg\"\n\t\t\tdata-thumbnail=\"https:\/\/zabnica.e-przedszkolak.eu\/archiwum\/wp-content\/gallery\/spotkanie-z-gornikiem\/thumbs\/thumbs_IMG_6350.jpg\"\n\t\t\tdata-image-id=\"392\"\n\t\t\tdata-title=\"IMG_6350\"\n\t\t\tdata-description=\"\"\n\t\t\tclass=\"ngg-fancybox\" rel=\"d62dacb43c7626d9e884f31f76816ff6\">\n\n\t\t\t<img data-image-id='392'\n\t\t\t\ttitle=\"\"\n\t\t\t\talt=\"IMG_6350\"\n\t\t\t\tsrc=\"https:\/\/zabnica.e-przedszkolak.eu\/archiwum\/wp-content\/gallery\/spotkanie-z-gornikiem\/IMG_6350.jpg\"\n\t\t\t\tstyle=\"max-height: 380px;\"\/>\n\t\t<\/a>\n\n\t\t\n\t\t<a href=\"https:\/\/zabnica.e-przedszkolak.eu\/archiwum\/wp-content\/gallery\/spotkanie-z-gornikiem\/IMG_6354.jpg\"\n\t\t\ttitle=\"\"\n\t\t\tdata-src=\"https:\/\/zabnica.e-przedszkolak.eu\/archiwum\/wp-content\/gallery\/spotkanie-z-gornikiem\/IMG_6354.jpg\"\n\t\t\tdata-thumbnail=\"https:\/\/zabnica.e-przedszkolak.eu\/archiwum\/wp-content\/gallery\/spotkanie-z-gornikiem\/thumbs\/thumbs_IMG_6354.jpg\"\n\t\t\tdata-image-id=\"393\"\n\t\t\tdata-title=\"IMG_6354\"\n\t\t\tdata-description=\"\"\n\t\t\tclass=\"ngg-fancybox\" rel=\"d62dacb43c7626d9e884f31f76816ff6\">\n\n\t\t\t<img data-image-id='393'\n\t\t\t\ttitle=\"\"\n\t\t\t\talt=\"IMG_6354\"\n\t\t\t\tsrc=\"https:\/\/zabnica.e-przedszkolak.eu\/archiwum\/wp-content\/gallery\/spotkanie-z-gornikiem\/IMG_6354.jpg\"\n\t\t\t\tstyle=\"max-height: 380px;\"\/>\n\t\t<\/a>\n\n\t\t\n\t\t<a href=\"https:\/\/zabnica.e-przedszkolak.eu\/archiwum\/wp-content\/gallery\/spotkanie-z-gornikiem\/IMG_6358.jpg\"\n\t\t\ttitle=\"\"\n\t\t\tdata-src=\"https:\/\/zabnica.e-przedszkolak.eu\/archiwum\/wp-content\/gallery\/spotkanie-z-gornikiem\/IMG_6358.jpg\"\n\t\t\tdata-thumbnail=\"https:\/\/zabnica.e-przedszkolak.eu\/archiwum\/wp-content\/gallery\/spotkanie-z-gornikiem\/thumbs\/thumbs_IMG_6358.jpg\"\n\t\t\tdata-image-id=\"394\"\n\t\t\tdata-title=\"IMG_6358\"\n\t\t\tdata-description=\"\"\n\t\t\tclass=\"ngg-fancybox\" rel=\"d62dacb43c7626d9e884f31f76816ff6\">\n\n\t\t\t<img data-image-id='394'\n\t\t\t\ttitle=\"\"\n\t\t\t\talt=\"IMG_6358\"\n\t\t\t\tsrc=\"https:\/\/zabnica.e-przedszkolak.eu\/archiwum\/wp-content\/gallery\/spotkanie-z-gornikiem\/IMG_6358.jpg\"\n\t\t\t\tstyle=\"max-height: 380px;\"\/>\n\t\t<\/a>\n\n\t\t\n\t\t<a href=\"https:\/\/zabnica.e-przedszkolak.eu\/archiwum\/wp-content\/gallery\/spotkanie-z-gornikiem\/IMG_6361.jpg\"\n\t\t\ttitle=\"\"\n\t\t\tdata-src=\"https:\/\/zabnica.e-przedszkolak.eu\/archiwum\/wp-content\/gallery\/spotkanie-z-gornikiem\/IMG_6361.jpg\"\n\t\t\tdata-thumbnail=\"https:\/\/zabnica.e-przedszkolak.eu\/archiwum\/wp-content\/gallery\/spotkanie-z-gornikiem\/thumbs\/thumbs_IMG_6361.jpg\"\n\t\t\tdata-image-id=\"395\"\n\t\t\tdata-title=\"IMG_6361\"\n\t\t\tdata-description=\"\"\n\t\t\tclass=\"ngg-fancybox\" rel=\"d62dacb43c7626d9e884f31f76816ff6\">\n\n\t\t\t<img data-image-id='395'\n\t\t\t\ttitle=\"\"\n\t\t\t\talt=\"IMG_6361\"\n\t\t\t\tsrc=\"https:\/\/zabnica.e-przedszkolak.eu\/archiwum\/wp-content\/gallery\/spotkanie-z-gornikiem\/IMG_6361.jpg\"\n\t\t\t\tstyle=\"max-height: 380px;\"\/>\n\t\t<\/a>\n\n\t\t\n\t\t<a href=\"https:\/\/zabnica.e-przedszkolak.eu\/archiwum\/wp-content\/gallery\/spotkanie-z-gornikiem\/IMG_6365.jpg\"\n\t\t\ttitle=\"\"\n\t\t\tdata-src=\"https:\/\/zabnica.e-przedszkolak.eu\/archiwum\/wp-content\/gallery\/spotkanie-z-gornikiem\/IMG_6365.jpg\"\n\t\t\tdata-thumbnail=\"https:\/\/zabnica.e-przedszkolak.eu\/archiwum\/wp-content\/gallery\/spotkanie-z-gornikiem\/thumbs\/thumbs_IMG_6365.jpg\"\n\t\t\tdata-image-id=\"396\"\n\t\t\tdata-title=\"IMG_6365\"\n\t\t\tdata-description=\"\"\n\t\t\tclass=\"ngg-fancybox\" rel=\"d62dacb43c7626d9e884f31f76816ff6\">\n\n\t\t\t<img data-image-id='396'\n\t\t\t\ttitle=\"\"\n\t\t\t\talt=\"IMG_6365\"\n\t\t\t\tsrc=\"https:\/\/zabnica.e-przedszkolak.eu\/archiwum\/wp-content\/gallery\/spotkanie-z-gornikiem\/IMG_6365.jpg\"\n\t\t\t\tstyle=\"max-height: 380px;\"\/>\n\t\t<\/a>\n\n\t\t\n\t\t<a href=\"https:\/\/zabnica.e-przedszkolak.eu\/archiwum\/wp-content\/gallery\/spotkanie-z-gornikiem\/IMG_6369.jpg\"\n\t\t\ttitle=\"\"\n\t\t\tdata-src=\"https:\/\/zabnica.e-przedszkolak.eu\/archiwum\/wp-content\/gallery\/spotkanie-z-gornikiem\/IMG_6369.jpg\"\n\t\t\tdata-thumbnail=\"https:\/\/zabnica.e-przedszkolak.eu\/archiwum\/wp-content\/gallery\/spotkanie-z-gornikiem\/thumbs\/thumbs_IMG_6369.jpg\"\n\t\t\tdata-image-id=\"397\"\n\t\t\tdata-title=\"IMG_6369\"\n\t\t\tdata-description=\"\"\n\t\t\tclass=\"ngg-fancybox\" rel=\"d62dacb43c7626d9e884f31f76816ff6\">\n\n\t\t\t<img data-image-id='397'\n\t\t\t\ttitle=\"\"\n\t\t\t\talt=\"IMG_6369\"\n\t\t\t\tsrc=\"https:\/\/zabnica.e-przedszkolak.eu\/archiwum\/wp-content\/gallery\/spotkanie-z-gornikiem\/IMG_6369.jpg\"\n\t\t\t\tstyle=\"max-height: 380px;\"\/>\n\t\t<\/a>\n\n\t\t\n\t\t<a href=\"https:\/\/zabnica.e-przedszkolak.eu\/archiwum\/wp-content\/gallery\/spotkanie-z-gornikiem\/IMG_6371.jpg\"\n\t\t\ttitle=\"\"\n\t\t\tdata-src=\"https:\/\/zabnica.e-przedszkolak.eu\/archiwum\/wp-content\/gallery\/spotkanie-z-gornikiem\/IMG_6371.jpg\"\n\t\t\tdata-thumbnail=\"https:\/\/zabnica.e-przedszkolak.eu\/archiwum\/wp-content\/gallery\/spotkanie-z-gornikiem\/thumbs\/thumbs_IMG_6371.jpg\"\n\t\t\tdata-image-id=\"398\"\n\t\t\tdata-title=\"IMG_6371\"\n\t\t\tdata-description=\"\"\n\t\t\tclass=\"ngg-fancybox\" rel=\"d62dacb43c7626d9e884f31f76816ff6\">\n\n\t\t\t<img data-image-id='398'\n\t\t\t\ttitle=\"\"\n\t\t\t\talt=\"IMG_6371\"\n\t\t\t\tsrc=\"https:\/\/zabnica.e-przedszkolak.eu\/archiwum\/wp-content\/gallery\/spotkanie-z-gornikiem\/IMG_6371.jpg\"\n\t\t\t\tstyle=\"max-height: 380px;\"\/>\n\t\t<\/a>\n\n\t\t\n\t\t<a href=\"https:\/\/zabnica.e-przedszkolak.eu\/archiwum\/wp-content\/gallery\/spotkanie-z-gornikiem\/IMG_6376.jpg\"\n\t\t\ttitle=\"\"\n\t\t\tdata-src=\"https:\/\/zabnica.e-przedszkolak.eu\/archiwum\/wp-content\/gallery\/spotkanie-z-gornikiem\/IMG_6376.jpg\"\n\t\t\tdata-thumbnail=\"https:\/\/zabnica.e-przedszkolak.eu\/archiwum\/wp-content\/gallery\/spotkanie-z-gornikiem\/thumbs\/thumbs_IMG_6376.jpg\"\n\t\t\tdata-image-id=\"399\"\n\t\t\tdata-title=\"IMG_6376\"\n\t\t\tdata-description=\"\"\n\t\t\tclass=\"ngg-fancybox\" rel=\"d62dacb43c7626d9e884f31f76816ff6\">\n\n\t\t\t<img data-image-id='399'\n\t\t\t\ttitle=\"\"\n\t\t\t\talt=\"IMG_6376\"\n\t\t\t\tsrc=\"https:\/\/zabnica.e-przedszkolak.eu\/archiwum\/wp-content\/gallery\/spotkanie-z-gornikiem\/IMG_6376.jpg\"\n\t\t\t\tstyle=\"max-height: 380px;\"\/>\n\t\t<\/a>\n\n\t\t\n\t\t<a href=\"https:\/\/zabnica.e-przedszkolak.eu\/archiwum\/wp-content\/gallery\/spotkanie-z-gornikiem\/IMG_6377.jpg\"\n\t\t\ttitle=\"\"\n\t\t\tdata-src=\"https:\/\/zabnica.e-przedszkolak.eu\/archiwum\/wp-content\/gallery\/spotkanie-z-gornikiem\/IMG_6377.jpg\"\n\t\t\tdata-thumbnail=\"https:\/\/zabnica.e-przedszkolak.eu\/archiwum\/wp-content\/gallery\/spotkanie-z-gornikiem\/thumbs\/thumbs_IMG_6377.jpg\"\n\t\t\tdata-image-id=\"400\"\n\t\t\tdata-title=\"IMG_6377\"\n\t\t\tdata-description=\"\"\n\t\t\tclass=\"ngg-fancybox\" rel=\"d62dacb43c7626d9e884f31f76816ff6\">\n\n\t\t\t<img data-image-id='400'\n\t\t\t\ttitle=\"\"\n\t\t\t\talt=\"IMG_6377\"\n\t\t\t\tsrc=\"https:\/\/zabnica.e-przedszkolak.eu\/archiwum\/wp-content\/gallery\/spotkanie-z-gornikiem\/IMG_6377.jpg\"\n\t\t\t\tstyle=\"max-height: 380px;\"\/>\n\t\t<\/a>\n\n\t\t\n\t\t<a href=\"https:\/\/zabnica.e-przedszkolak.eu\/archiwum\/wp-content\/gallery\/spotkanie-z-gornikiem\/IMG_6378.jpg\"\n\t\t\ttitle=\"\"\n\t\t\tdata-src=\"https:\/\/zabnica.e-przedszkolak.eu\/archiwum\/wp-content\/gallery\/spotkanie-z-gornikiem\/IMG_6378.jpg\"\n\t\t\tdata-thumbnail=\"https:\/\/zabnica.e-przedszkolak.eu\/archiwum\/wp-content\/gallery\/spotkanie-z-gornikiem\/thumbs\/thumbs_IMG_6378.jpg\"\n\t\t\tdata-image-id=\"401\"\n\t\t\tdata-title=\"IMG_6378\"\n\t\t\tdata-description=\"\"\n\t\t\tclass=\"ngg-fancybox\" rel=\"d62dacb43c7626d9e884f31f76816ff6\">\n\n\t\t\t<img data-image-id='401'\n\t\t\t\ttitle=\"\"\n\t\t\t\talt=\"IMG_6378\"\n\t\t\t\tsrc=\"https:\/\/zabnica.e-przedszkolak.eu\/archiwum\/wp-content\/gallery\/spotkanie-z-gornikiem\/IMG_6378.jpg\"\n\t\t\t\tstyle=\"max-height: 380px;\"\/>\n\t\t<\/a>\n\n\t\t\n\t\t<a href=\"https:\/\/zabnica.e-przedszkolak.eu\/archiwum\/wp-content\/gallery\/spotkanie-z-gornikiem\/IMG_6381.jpg\"\n\t\t\ttitle=\"\"\n\t\t\tdata-src=\"https:\/\/zabnica.e-przedszkolak.eu\/archiwum\/wp-content\/gallery\/spotkanie-z-gornikiem\/IMG_6381.jpg\"\n\t\t\tdata-thumbnail=\"https:\/\/zabnica.e-przedszkolak.eu\/archiwum\/wp-content\/gallery\/spotkanie-z-gornikiem\/thumbs\/thumbs_IMG_6381.jpg\"\n\t\t\tdata-image-id=\"402\"\n\t\t\tdata-title=\"IMG_6381\"\n\t\t\tdata-description=\"\"\n\t\t\tclass=\"ngg-fancybox\" rel=\"d62dacb43c7626d9e884f31f76816ff6\">\n\n\t\t\t<img data-image-id='402'\n\t\t\t\ttitle=\"\"\n\t\t\t\talt=\"IMG_6381\"\n\t\t\t\tsrc=\"https:\/\/zabnica.e-przedszkolak.eu\/archiwum\/wp-content\/gallery\/spotkanie-z-gornikiem\/IMG_6381.jpg\"\n\t\t\t\tstyle=\"max-height: 380px;\"\/>\n\t\t<\/a>\n\n\t\t\n\t\t<a href=\"https:\/\/zabnica.e-przedszkolak.eu\/archiwum\/wp-content\/gallery\/spotkanie-z-gornikiem\/IMG_6382.jpg\"\n\t\t\ttitle=\"\"\n\t\t\tdata-src=\"https:\/\/zabnica.e-przedszkolak.eu\/archiwum\/wp-content\/gallery\/spotkanie-z-gornikiem\/IMG_6382.jpg\"\n\t\t\tdata-thumbnail=\"https:\/\/zabnica.e-przedszkolak.eu\/archiwum\/wp-content\/gallery\/spotkanie-z-gornikiem\/thumbs\/thumbs_IMG_6382.jpg\"\n\t\t\tdata-image-id=\"403\"\n\t\t\tdata-title=\"IMG_6382\"\n\t\t\tdata-description=\"\"\n\t\t\tclass=\"ngg-fancybox\" rel=\"d62dacb43c7626d9e884f31f76816ff6\">\n\n\t\t\t<img data-image-id='403'\n\t\t\t\ttitle=\"\"\n\t\t\t\talt=\"IMG_6382\"\n\t\t\t\tsrc=\"https:\/\/zabnica.e-przedszkolak.eu\/archiwum\/wp-content\/gallery\/spotkanie-z-gornikiem\/IMG_6382.jpg\"\n\t\t\t\tstyle=\"max-height: 380px;\"\/>\n\t\t<\/a>\n\n\t\t\n\t\t<a href=\"https:\/\/zabnica.e-przedszkolak.eu\/archiwum\/wp-content\/gallery\/spotkanie-z-gornikiem\/IMG_6383.jpg\"\n\t\t\ttitle=\"\"\n\t\t\tdata-src=\"https:\/\/zabnica.e-przedszkolak.eu\/archiwum\/wp-content\/gallery\/spotkanie-z-gornikiem\/IMG_6383.jpg\"\n\t\t\tdata-thumbnail=\"https:\/\/zabnica.e-przedszkolak.eu\/archiwum\/wp-content\/gallery\/spotkanie-z-gornikiem\/thumbs\/thumbs_IMG_6383.jpg\"\n\t\t\tdata-image-id=\"404\"\n\t\t\tdata-title=\"IMG_6383\"\n\t\t\tdata-description=\"\"\n\t\t\tclass=\"ngg-fancybox\" rel=\"d62dacb43c7626d9e884f31f76816ff6\">\n\n\t\t\t<img data-image-id='404'\n\t\t\t\ttitle=\"\"\n\t\t\t\talt=\"IMG_6383\"\n\t\t\t\tsrc=\"https:\/\/zabnica.e-przedszkolak.eu\/archiwum\/wp-content\/gallery\/spotkanie-z-gornikiem\/IMG_6383.jpg\"\n\t\t\t\tstyle=\"max-height: 380px;\"\/>\n\t\t<\/a>\n\n\t\t\n\t\t<a href=\"https:\/\/zabnica.e-przedszkolak.eu\/archiwum\/wp-content\/gallery\/spotkanie-z-gornikiem\/IMG_6390.jpg\"\n\t\t\ttitle=\"\"\n\t\t\tdata-src=\"https:\/\/zabnica.e-przedszkolak.eu\/archiwum\/wp-content\/gallery\/spotkanie-z-gornikiem\/IMG_6390.jpg\"\n\t\t\tdata-thumbnail=\"https:\/\/zabnica.e-przedszkolak.eu\/archiwum\/wp-content\/gallery\/spotkanie-z-gornikiem\/thumbs\/thumbs_IMG_6390.jpg\"\n\t\t\tdata-image-id=\"405\"\n\t\t\tdata-title=\"IMG_6390\"\n\t\t\tdata-description=\"\"\n\t\t\tclass=\"ngg-fancybox\" rel=\"d62dacb43c7626d9e884f31f76816ff6\">\n\n\t\t\t<img data-image-id='405'\n\t\t\t\ttitle=\"\"\n\t\t\t\talt=\"IMG_6390\"\n\t\t\t\tsrc=\"https:\/\/zabnica.e-przedszkolak.eu\/archiwum\/wp-content\/gallery\/spotkanie-z-gornikiem\/IMG_6390.jpg\"\n\t\t\t\tstyle=\"max-height: 380px;\"\/>\n\t\t<\/a>\n\n\t\t\n\t\t<a href=\"https:\/\/zabnica.e-przedszkolak.eu\/archiwum\/wp-content\/gallery\/spotkanie-z-gornikiem\/IMG_6395.jpg\"\n\t\t\ttitle=\"\"\n\t\t\tdata-src=\"https:\/\/zabnica.e-przedszkolak.eu\/archiwum\/wp-content\/gallery\/spotkanie-z-gornikiem\/IMG_6395.jpg\"\n\t\t\tdata-thumbnail=\"https:\/\/zabnica.e-przedszkolak.eu\/archiwum\/wp-content\/gallery\/spotkanie-z-gornikiem\/thumbs\/thumbs_IMG_6395.jpg\"\n\t\t\tdata-image-id=\"406\"\n\t\t\tdata-title=\"IMG_6395\"\n\t\t\tdata-description=\"\"\n\t\t\tclass=\"ngg-fancybox\" rel=\"d62dacb43c7626d9e884f31f76816ff6\">\n\n\t\t\t<img data-image-id='406'\n\t\t\t\ttitle=\"\"\n\t\t\t\talt=\"IMG_6395\"\n\t\t\t\tsrc=\"https:\/\/zabnica.e-przedszkolak.eu\/archiwum\/wp-content\/gallery\/spotkanie-z-gornikiem\/IMG_6395.jpg\"\n\t\t\t\tstyle=\"max-height: 380px;\"\/>\n\t\t<\/a>\n\n\t\t\n\t\t<a href=\"https:\/\/zabnica.e-przedszkolak.eu\/archiwum\/wp-content\/gallery\/spotkanie-z-gornikiem\/IMG_6396.jpg\"\n\t\t\ttitle=\"\"\n\t\t\tdata-src=\"https:\/\/zabnica.e-przedszkolak.eu\/archiwum\/wp-content\/gallery\/spotkanie-z-gornikiem\/IMG_6396.jpg\"\n\t\t\tdata-thumbnail=\"https:\/\/zabnica.e-przedszkolak.eu\/archiwum\/wp-content\/gallery\/spotkanie-z-gornikiem\/thumbs\/thumbs_IMG_6396.jpg\"\n\t\t\tdata-image-id=\"407\"\n\t\t\tdata-title=\"IMG_6396\"\n\t\t\tdata-description=\"\"\n\t\t\tclass=\"ngg-fancybox\" rel=\"d62dacb43c7626d9e884f31f76816ff6\">\n\n\t\t\t<img data-image-id='407'\n\t\t\t\ttitle=\"\"\n\t\t\t\talt=\"IMG_6396\"\n\t\t\t\tsrc=\"https:\/\/zabnica.e-przedszkolak.eu\/archiwum\/wp-content\/gallery\/spotkanie-z-gornikiem\/IMG_6396.jpg\"\n\t\t\t\tstyle=\"max-height: 380px;\"\/>\n\t\t<\/a>\n\n\t\t\n\t\t<a href=\"https:\/\/zabnica.e-przedszkolak.eu\/archiwum\/wp-content\/gallery\/spotkanie-z-gornikiem\/IMG_6397.jpg\"\n\t\t\ttitle=\"\"\n\t\t\tdata-src=\"https:\/\/zabnica.e-przedszkolak.eu\/archiwum\/wp-content\/gallery\/spotkanie-z-gornikiem\/IMG_6397.jpg\"\n\t\t\tdata-thumbnail=\"https:\/\/zabnica.e-przedszkolak.eu\/archiwum\/wp-content\/gallery\/spotkanie-z-gornikiem\/thumbs\/thumbs_IMG_6397.jpg\"\n\t\t\tdata-image-id=\"408\"\n\t\t\tdata-title=\"IMG_6397\"\n\t\t\tdata-description=\"\"\n\t\t\tclass=\"ngg-fancybox\" rel=\"d62dacb43c7626d9e884f31f76816ff6\">\n\n\t\t\t<img data-image-id='408'\n\t\t\t\ttitle=\"\"\n\t\t\t\talt=\"IMG_6397\"\n\t\t\t\tsrc=\"https:\/\/zabnica.e-przedszkolak.eu\/archiwum\/wp-content\/gallery\/spotkanie-z-gornikiem\/IMG_6397.jpg\"\n\t\t\t\tstyle=\"max-height: 380px;\"\/>\n\t\t<\/a>\n\n\t\t\n\t\t<a href=\"https:\/\/zabnica.e-przedszkolak.eu\/archiwum\/wp-content\/gallery\/spotkanie-z-gornikiem\/IMG_6399.jpg\"\n\t\t\ttitle=\"\"\n\t\t\tdata-src=\"https:\/\/zabnica.e-przedszkolak.eu\/archiwum\/wp-content\/gallery\/spotkanie-z-gornikiem\/IMG_6399.jpg\"\n\t\t\tdata-thumbnail=\"https:\/\/zabnica.e-przedszkolak.eu\/archiwum\/wp-content\/gallery\/spotkanie-z-gornikiem\/thumbs\/thumbs_IMG_6399.jpg\"\n\t\t\tdata-image-id=\"409\"\n\t\t\tdata-title=\"IMG_6399\"\n\t\t\tdata-description=\"\"\n\t\t\tclass=\"ngg-fancybox\" rel=\"d62dacb43c7626d9e884f31f76816ff6\">\n\n\t\t\t<img data-image-id='409'\n\t\t\t\ttitle=\"\"\n\t\t\t\talt=\"IMG_6399\"\n\t\t\t\tsrc=\"https:\/\/zabnica.e-przedszkolak.eu\/archiwum\/wp-content\/gallery\/spotkanie-z-gornikiem\/IMG_6399.jpg\"\n\t\t\t\tstyle=\"max-height: 380px;\"\/>\n\t\t<\/a>\n\n\t\t\n\t\t<a href=\"https:\/\/zabnica.e-przedszkolak.eu\/archiwum\/wp-content\/gallery\/spotkanie-z-gornikiem\/IMG_6401.jpg\"\n\t\t\ttitle=\"\"\n\t\t\tdata-src=\"https:\/\/zabnica.e-przedszkolak.eu\/archiwum\/wp-content\/gallery\/spotkanie-z-gornikiem\/IMG_6401.jpg\"\n\t\t\tdata-thumbnail=\"https:\/\/zabnica.e-przedszkolak.eu\/archiwum\/wp-content\/gallery\/spotkanie-z-gornikiem\/thumbs\/thumbs_IMG_6401.jpg\"\n\t\t\tdata-image-id=\"410\"\n\t\t\tdata-title=\"IMG_6401\"\n\t\t\tdata-description=\"\"\n\t\t\tclass=\"ngg-fancybox\" rel=\"d62dacb43c7626d9e884f31f76816ff6\">\n\n\t\t\t<img data-image-id='410'\n\t\t\t\ttitle=\"\"\n\t\t\t\talt=\"IMG_6401\"\n\t\t\t\tsrc=\"https:\/\/zabnica.e-przedszkolak.eu\/archiwum\/wp-content\/gallery\/spotkanie-z-gornikiem\/IMG_6401.jpg\"\n\t\t\t\tstyle=\"max-height: 380px;\"\/>\n\t\t<\/a>\n\n\t\t<\/div>\n\n\n<\/p>\n","protected":false},"excerpt":{"rendered":"<p>W dniu 03.12.2015 r w naszym przedszkolu odby\u0142o si\u0119 spotkanie z g\u00f3rnikiem. Dziadek naszego przedszkolaka Pan Piotr ubrany by\u0142 w pi\u0119kny, galowy mundur. Dzieci dowiedzia\u0142y si\u0119 do czego s\u0142u\u017cy\u0142y poszczeg\u00f3lne cz\u0119\u015bci prezentowanego ubioru.<\/p>\n","protected":false},"author":2,"featured_media":82,"comment_status":"open","ping_status":"open","sticky":false,"template":"","format":"standard","meta":{"ngg_post_thumbnail":0,"footnotes":""},"categories":[1],"tags":[],"class_list":["post-81","post","type-post","status-publish","format-standard","has-post-thumbnail","hentry","category-bez-kategorii"],"_links":{"self":[{"href":"https:\/\/zabnica.e-przedszkolak.eu\/archiwum\/wp-json\/wp\/v2\/posts\/81","targetHints":{"allow":["GET"]}}],"collection":[{"href":"https:\/\/zabnica.e-przedszkolak.eu\/archiwum\/wp-json\/wp\/v2\/posts"}],"about":[{"href":"https:\/\/zabnica.e-przedszkolak.eu\/archiwum\/wp-json\/wp\/v2\/types\/post"}],"author":[{"embeddable":true,"href":"https:\/\/zabnica.e-przedszkolak.eu\/archiwum\/wp-json\/wp\/v2\/users\/2"}],"replies":[{"embeddable":true,"href":"https:\/\/zabnica.e-przedszkolak.eu\/archiwum\/wp-json\/wp\/v2\/comments?post=81"}],"version-history":[{"count":8,"href":"https:\/\/zabnica.e-przedszkolak.eu\/archiwum\/wp-json\/wp\/v2\/posts\/81\/revisions"}],"predecessor-version":[{"id":977,"href":"https:\/\/zabnica.e-przedszkolak.eu\/archiwum\/wp-json\/wp\/v2\/posts\/81\/revisions\/977"}],"wp:featuredmedia":[{"embeddable":true,"href":"https:\/\/zabnica.e-przedszkolak.eu\/archiwum\/wp-json\/wp\/v2\/media\/82"}],"wp:attachment":[{"href":"https:\/\/zabnica.e-przedszkolak.eu\/archiwum\/wp-json\/wp\/v2\/media?parent=81"}],"wp:term":[{"taxonomy":"category","embeddable":true,"href":"https:\/\/zabnica.e-przedszkolak.eu\/archiwum\/wp-json\/wp\/v2\/categories?post=81"},{"taxonomy":"post_tag","embeddable":true,"href":"https:\/\/zabnica.e-przedszkolak.eu\/archiwum\/wp-json\/wp\/v2\/tags?post=81"}],"curies":[{"name":"wp","href":"https:\/\/api.w.org\/{rel}","templated":true}]}}