 {"id":85,"date":"2016-02-18T22:30:59","date_gmt":"2016-02-18T21:30:59","guid":{"rendered":"https:\/\/zabnica.e-przedszkolak.eu\/?p=85"},"modified":"2016-02-24T23:46:18","modified_gmt":"2016-02-24T22:46:18","slug":"spotkanie-z-mikolajem","status":"publish","type":"post","link":"https:\/\/zabnica.e-przedszkolak.eu\/archiwum\/2016\/02\/18\/spotkanie-z-mikolajem\/","title":{"rendered":"Spotkanie z Miko\u0142ajem"},"content":{"rendered":"<p>\u015awi\u0119ty Miko\u0142aj lubi odwiedza\u0107 dzieci w ka\u017cdym miejscu na ca\u0142ym \u015bwiecie. 4 grudnia z workiem pe\u0142nym prezent\u00f3w przyjecha\u0142 r\u00f3wnie\u017c do naszego przedszkola.<\/p>\n<p><!--more--><\/p>\n<p>\n<div class=\"ngg-galleryoverview ngg-slideshow\"\n\tid=\"ngg-slideshow-d0215c0ce4e752ba0150efdade677a6d-11529257340\"\n\tdata-gallery-id=\"d0215c0ce4e752ba0150efdade677a6d\"\n\tstyle=\"max-width: 600px;\n\t\t\tmax-height: 400px;\n\t\t\tdisplay: none;\">\n\n\t\n\t\t<a href=\"https:\/\/zabnica.e-przedszkolak.eu\/archiwum\/wp-content\/gallery\/spotkanie-z-mikolajem\/IMG_6422.jpg\"\n\t\t\ttitle=\"\"\n\t\t\tdata-src=\"https:\/\/zabnica.e-przedszkolak.eu\/archiwum\/wp-content\/gallery\/spotkanie-z-mikolajem\/IMG_6422.jpg\"\n\t\t\tdata-thumbnail=\"https:\/\/zabnica.e-przedszkolak.eu\/archiwum\/wp-content\/gallery\/spotkanie-z-mikolajem\/thumbs\/thumbs_IMG_6422.jpg\"\n\t\t\tdata-image-id=\"381\"\n\t\t\tdata-title=\"IMG_6422\"\n\t\t\tdata-description=\"\"\n\t\t\tclass=\"ngg-fancybox\" rel=\"d0215c0ce4e752ba0150efdade677a6d\">\n\n\t\t\t<img data-image-id='381'\n\t\t\t\ttitle=\"\"\n\t\t\t\talt=\"IMG_6422\"\n\t\t\t\tsrc=\"https:\/\/zabnica.e-przedszkolak.eu\/archiwum\/wp-content\/gallery\/spotkanie-z-mikolajem\/IMG_6422.jpg\"\n\t\t\t\tstyle=\"max-height: 380px;\"\/>\n\t\t<\/a>\n\n\t\t\n\t\t<a href=\"https:\/\/zabnica.e-przedszkolak.eu\/archiwum\/wp-content\/gallery\/spotkanie-z-mikolajem\/IMG_6431.jpg\"\n\t\t\ttitle=\"\"\n\t\t\tdata-src=\"https:\/\/zabnica.e-przedszkolak.eu\/archiwum\/wp-content\/gallery\/spotkanie-z-mikolajem\/IMG_6431.jpg\"\n\t\t\tdata-thumbnail=\"https:\/\/zabnica.e-przedszkolak.eu\/archiwum\/wp-content\/gallery\/spotkanie-z-mikolajem\/thumbs\/thumbs_IMG_6431.jpg\"\n\t\t\tdata-image-id=\"382\"\n\t\t\tdata-title=\"IMG_6431\"\n\t\t\tdata-description=\"\"\n\t\t\tclass=\"ngg-fancybox\" rel=\"d0215c0ce4e752ba0150efdade677a6d\">\n\n\t\t\t<img data-image-id='382'\n\t\t\t\ttitle=\"\"\n\t\t\t\talt=\"IMG_6431\"\n\t\t\t\tsrc=\"https:\/\/zabnica.e-przedszkolak.eu\/archiwum\/wp-content\/gallery\/spotkanie-z-mikolajem\/IMG_6431.jpg\"\n\t\t\t\tstyle=\"max-height: 380px;\"\/>\n\t\t<\/a>\n\n\t\t\n\t\t<a href=\"https:\/\/zabnica.e-przedszkolak.eu\/archiwum\/wp-content\/gallery\/spotkanie-z-mikolajem\/IMG_6437.jpg\"\n\t\t\ttitle=\"\"\n\t\t\tdata-src=\"https:\/\/zabnica.e-przedszkolak.eu\/archiwum\/wp-content\/gallery\/spotkanie-z-mikolajem\/IMG_6437.jpg\"\n\t\t\tdata-thumbnail=\"https:\/\/zabnica.e-przedszkolak.eu\/archiwum\/wp-content\/gallery\/spotkanie-z-mikolajem\/thumbs\/thumbs_IMG_6437.jpg\"\n\t\t\tdata-image-id=\"383\"\n\t\t\tdata-title=\"IMG_6437\"\n\t\t\tdata-description=\"\"\n\t\t\tclass=\"ngg-fancybox\" rel=\"d0215c0ce4e752ba0150efdade677a6d\">\n\n\t\t\t<img data-image-id='383'\n\t\t\t\ttitle=\"\"\n\t\t\t\talt=\"IMG_6437\"\n\t\t\t\tsrc=\"https:\/\/zabnica.e-przedszkolak.eu\/archiwum\/wp-content\/gallery\/spotkanie-z-mikolajem\/IMG_6437.jpg\"\n\t\t\t\tstyle=\"max-height: 380px;\"\/>\n\t\t<\/a>\n\n\t\t\n\t\t<a href=\"https:\/\/zabnica.e-przedszkolak.eu\/archiwum\/wp-content\/gallery\/spotkanie-z-mikolajem\/IMG_6453.jpg\"\n\t\t\ttitle=\"\"\n\t\t\tdata-src=\"https:\/\/zabnica.e-przedszkolak.eu\/archiwum\/wp-content\/gallery\/spotkanie-z-mikolajem\/IMG_6453.jpg\"\n\t\t\tdata-thumbnail=\"https:\/\/zabnica.e-przedszkolak.eu\/archiwum\/wp-content\/gallery\/spotkanie-z-mikolajem\/thumbs\/thumbs_IMG_6453.jpg\"\n\t\t\tdata-image-id=\"384\"\n\t\t\tdata-title=\"IMG_6453\"\n\t\t\tdata-description=\"\"\n\t\t\tclass=\"ngg-fancybox\" rel=\"d0215c0ce4e752ba0150efdade677a6d\">\n\n\t\t\t<img data-image-id='384'\n\t\t\t\ttitle=\"\"\n\t\t\t\talt=\"IMG_6453\"\n\t\t\t\tsrc=\"https:\/\/zabnica.e-przedszkolak.eu\/archiwum\/wp-content\/gallery\/spotkanie-z-mikolajem\/IMG_6453.jpg\"\n\t\t\t\tstyle=\"max-height: 380px;\"\/>\n\t\t<\/a>\n\n\t\t\n\t\t<a href=\"https:\/\/zabnica.e-przedszkolak.eu\/archiwum\/wp-content\/gallery\/spotkanie-z-mikolajem\/IMG_6496.jpg\"\n\t\t\ttitle=\"\"\n\t\t\tdata-src=\"https:\/\/zabnica.e-przedszkolak.eu\/archiwum\/wp-content\/gallery\/spotkanie-z-mikolajem\/IMG_6496.jpg\"\n\t\t\tdata-thumbnail=\"https:\/\/zabnica.e-przedszkolak.eu\/archiwum\/wp-content\/gallery\/spotkanie-z-mikolajem\/thumbs\/thumbs_IMG_6496.jpg\"\n\t\t\tdata-image-id=\"385\"\n\t\t\tdata-title=\"IMG_6496\"\n\t\t\tdata-description=\"\"\n\t\t\tclass=\"ngg-fancybox\" rel=\"d0215c0ce4e752ba0150efdade677a6d\">\n\n\t\t\t<img data-image-id='385'\n\t\t\t\ttitle=\"\"\n\t\t\t\talt=\"IMG_6496\"\n\t\t\t\tsrc=\"https:\/\/zabnica.e-przedszkolak.eu\/archiwum\/wp-content\/gallery\/spotkanie-z-mikolajem\/IMG_6496.jpg\"\n\t\t\t\tstyle=\"max-height: 380px;\"\/>\n\t\t<\/a>\n\n\t\t\n\t\t<a href=\"https:\/\/zabnica.e-przedszkolak.eu\/archiwum\/wp-content\/gallery\/spotkanie-z-mikolajem\/IMG_6516.jpg\"\n\t\t\ttitle=\"\"\n\t\t\tdata-src=\"https:\/\/zabnica.e-przedszkolak.eu\/archiwum\/wp-content\/gallery\/spotkanie-z-mikolajem\/IMG_6516.jpg\"\n\t\t\tdata-thumbnail=\"https:\/\/zabnica.e-przedszkolak.eu\/archiwum\/wp-content\/gallery\/spotkanie-z-mikolajem\/thumbs\/thumbs_IMG_6516.jpg\"\n\t\t\tdata-image-id=\"386\"\n\t\t\tdata-title=\"IMG_6516\"\n\t\t\tdata-description=\"\"\n\t\t\tclass=\"ngg-fancybox\" rel=\"d0215c0ce4e752ba0150efdade677a6d\">\n\n\t\t\t<img data-image-id='386'\n\t\t\t\ttitle=\"\"\n\t\t\t\talt=\"IMG_6516\"\n\t\t\t\tsrc=\"https:\/\/zabnica.e-przedszkolak.eu\/archiwum\/wp-content\/gallery\/spotkanie-z-mikolajem\/IMG_6516.jpg\"\n\t\t\t\tstyle=\"max-height: 380px;\"\/>\n\t\t<\/a>\n\n\t\t\n\t\t<a href=\"https:\/\/zabnica.e-przedszkolak.eu\/archiwum\/wp-content\/gallery\/spotkanie-z-mikolajem\/IMG_6529.jpg\"\n\t\t\ttitle=\"\"\n\t\t\tdata-src=\"https:\/\/zabnica.e-przedszkolak.eu\/archiwum\/wp-content\/gallery\/spotkanie-z-mikolajem\/IMG_6529.jpg\"\n\t\t\tdata-thumbnail=\"https:\/\/zabnica.e-przedszkolak.eu\/archiwum\/wp-content\/gallery\/spotkanie-z-mikolajem\/thumbs\/thumbs_IMG_6529.jpg\"\n\t\t\tdata-image-id=\"387\"\n\t\t\tdata-title=\"IMG_6529\"\n\t\t\tdata-description=\"\"\n\t\t\tclass=\"ngg-fancybox\" rel=\"d0215c0ce4e752ba0150efdade677a6d\">\n\n\t\t\t<img data-image-id='387'\n\t\t\t\ttitle=\"\"\n\t\t\t\talt=\"IMG_6529\"\n\t\t\t\tsrc=\"https:\/\/zabnica.e-przedszkolak.eu\/archiwum\/wp-content\/gallery\/spotkanie-z-mikolajem\/IMG_6529.jpg\"\n\t\t\t\tstyle=\"max-height: 380px;\"\/>\n\t\t<\/a>\n\n\t\t\n\t\t<a href=\"https:\/\/zabnica.e-przedszkolak.eu\/archiwum\/wp-content\/gallery\/spotkanie-z-mikolajem\/IMG_6539.jpg\"\n\t\t\ttitle=\"\"\n\t\t\tdata-src=\"https:\/\/zabnica.e-przedszkolak.eu\/archiwum\/wp-content\/gallery\/spotkanie-z-mikolajem\/IMG_6539.jpg\"\n\t\t\tdata-thumbnail=\"https:\/\/zabnica.e-przedszkolak.eu\/archiwum\/wp-content\/gallery\/spotkanie-z-mikolajem\/thumbs\/thumbs_IMG_6539.jpg\"\n\t\t\tdata-image-id=\"388\"\n\t\t\tdata-title=\"IMG_6539\"\n\t\t\tdata-description=\"\"\n\t\t\tclass=\"ngg-fancybox\" rel=\"d0215c0ce4e752ba0150efdade677a6d\">\n\n\t\t\t<img data-image-id='388'\n\t\t\t\ttitle=\"\"\n\t\t\t\talt=\"IMG_6539\"\n\t\t\t\tsrc=\"https:\/\/zabnica.e-przedszkolak.eu\/archiwum\/wp-content\/gallery\/spotkanie-z-mikolajem\/IMG_6539.jpg\"\n\t\t\t\tstyle=\"max-height: 380px;\"\/>\n\t\t<\/a>\n\n\t\t\n\t\t<a href=\"https:\/\/zabnica.e-przedszkolak.eu\/archiwum\/wp-content\/gallery\/spotkanie-z-mikolajem\/IMG_6585.jpg\"\n\t\t\ttitle=\"\"\n\t\t\tdata-src=\"https:\/\/zabnica.e-przedszkolak.eu\/archiwum\/wp-content\/gallery\/spotkanie-z-mikolajem\/IMG_6585.jpg\"\n\t\t\tdata-thumbnail=\"https:\/\/zabnica.e-przedszkolak.eu\/archiwum\/wp-content\/gallery\/spotkanie-z-mikolajem\/thumbs\/thumbs_IMG_6585.jpg\"\n\t\t\tdata-image-id=\"389\"\n\t\t\tdata-title=\"IMG_6585\"\n\t\t\tdata-description=\"\"\n\t\t\tclass=\"ngg-fancybox\" rel=\"d0215c0ce4e752ba0150efdade677a6d\">\n\n\t\t\t<img data-image-id='389'\n\t\t\t\ttitle=\"\"\n\t\t\t\talt=\"IMG_6585\"\n\t\t\t\tsrc=\"https:\/\/zabnica.e-przedszkolak.eu\/archiwum\/wp-content\/gallery\/spotkanie-z-mikolajem\/IMG_6585.jpg\"\n\t\t\t\tstyle=\"max-height: 380px;\"\/>\n\t\t<\/a>\n\n\t\t\n\t\t<a href=\"https:\/\/zabnica.e-przedszkolak.eu\/archiwum\/wp-content\/gallery\/spotkanie-z-mikolajem\/IMG_6586.jpg\"\n\t\t\ttitle=\"\"\n\t\t\tdata-src=\"https:\/\/zabnica.e-przedszkolak.eu\/archiwum\/wp-content\/gallery\/spotkanie-z-mikolajem\/IMG_6586.jpg\"\n\t\t\tdata-thumbnail=\"https:\/\/zabnica.e-przedszkolak.eu\/archiwum\/wp-content\/gallery\/spotkanie-z-mikolajem\/thumbs\/thumbs_IMG_6586.jpg\"\n\t\t\tdata-image-id=\"390\"\n\t\t\tdata-title=\"IMG_6586\"\n\t\t\tdata-description=\"\"\n\t\t\tclass=\"ngg-fancybox\" rel=\"d0215c0ce4e752ba0150efdade677a6d\">\n\n\t\t\t<img data-image-id='390'\n\t\t\t\ttitle=\"\"\n\t\t\t\talt=\"IMG_6586\"\n\t\t\t\tsrc=\"https:\/\/zabnica.e-przedszkolak.eu\/archiwum\/wp-content\/gallery\/spotkanie-z-mikolajem\/IMG_6586.jpg\"\n\t\t\t\tstyle=\"max-height: 380px;\"\/>\n\t\t<\/a>\n\n\t\t\n\t\t<a href=\"https:\/\/zabnica.e-przedszkolak.eu\/archiwum\/wp-content\/gallery\/spotkanie-z-mikolajem\/IMG_6624.jpg\"\n\t\t\ttitle=\"\"\n\t\t\tdata-src=\"https:\/\/zabnica.e-przedszkolak.eu\/archiwum\/wp-content\/gallery\/spotkanie-z-mikolajem\/IMG_6624.jpg\"\n\t\t\tdata-thumbnail=\"https:\/\/zabnica.e-przedszkolak.eu\/archiwum\/wp-content\/gallery\/spotkanie-z-mikolajem\/thumbs\/thumbs_IMG_6624.jpg\"\n\t\t\tdata-image-id=\"391\"\n\t\t\tdata-title=\"IMG_6624\"\n\t\t\tdata-description=\"\"\n\t\t\tclass=\"ngg-fancybox\" rel=\"d0215c0ce4e752ba0150efdade677a6d\">\n\n\t\t\t<img data-image-id='391'\n\t\t\t\ttitle=\"\"\n\t\t\t\talt=\"IMG_6624\"\n\t\t\t\tsrc=\"https:\/\/zabnica.e-przedszkolak.eu\/archiwum\/wp-content\/gallery\/spotkanie-z-mikolajem\/IMG_6624.jpg\"\n\t\t\t\tstyle=\"max-height: 380px;\"\/>\n\t\t<\/a>\n\n\t\t<\/div>\n\n\n<\/p>\n<p>&nbsp;<\/p>\n","protected":false},"excerpt":{"rendered":"<p>\u015awi\u0119ty Miko\u0142aj lubi odwiedza\u0107 dzieci w ka\u017cdym miejscu na ca\u0142ym \u015bwiecie. 4 grudnia z workiem pe\u0142nym prezent\u00f3w przyjecha\u0142 r\u00f3wnie\u017c do naszego przedszkola.<\/p>\n","protected":false},"author":2,"featured_media":86,"comment_status":"open","ping_status":"open","sticky":false,"template":"","format":"standard","meta":{"ngg_post_thumbnail":0,"footnotes":""},"categories":[1],"tags":[],"class_list":["post-85","post","type-post","status-publish","format-standard","has-post-thumbnail","hentry","category-bez-kategorii"],"_links":{"self":[{"href":"https:\/\/zabnica.e-przedszkolak.eu\/archiwum\/wp-json\/wp\/v2\/posts\/85","targetHints":{"allow":["GET"]}}],"collection":[{"href":"https:\/\/zabnica.e-przedszkolak.eu\/archiwum\/wp-json\/wp\/v2\/posts"}],"about":[{"href":"https:\/\/zabnica.e-przedszkolak.eu\/archiwum\/wp-json\/wp\/v2\/types\/post"}],"author":[{"embeddable":true,"href":"https:\/\/zabnica.e-przedszkolak.eu\/archiwum\/wp-json\/wp\/v2\/users\/2"}],"replies":[{"embeddable":true,"href":"https:\/\/zabnica.e-przedszkolak.eu\/archiwum\/wp-json\/wp\/v2\/comments?post=85"}],"version-history":[{"count":3,"href":"https:\/\/zabnica.e-przedszkolak.eu\/archiwum\/wp-json\/wp\/v2\/posts\/85\/revisions"}],"predecessor-version":[{"id":931,"href":"https:\/\/zabnica.e-przedszkolak.eu\/archiwum\/wp-json\/wp\/v2\/posts\/85\/revisions\/931"}],"wp:featuredmedia":[{"embeddable":true,"href":"https:\/\/zabnica.e-przedszkolak.eu\/archiwum\/wp-json\/wp\/v2\/media\/86"}],"wp:attachment":[{"href":"https:\/\/zabnica.e-przedszkolak.eu\/archiwum\/wp-json\/wp\/v2\/media?parent=85"}],"wp:term":[{"taxonomy":"category","embeddable":true,"href":"https:\/\/zabnica.e-przedszkolak.eu\/archiwum\/wp-json\/wp\/v2\/categories?post=85"},{"taxonomy":"post_tag","embeddable":true,"href":"https:\/\/zabnica.e-przedszkolak.eu\/archiwum\/wp-json\/wp\/v2\/tags?post=85"}],"curies":[{"name":"wp","href":"https:\/\/api.w.org\/{rel}","templated":true}]}}