 {"id":96,"date":"2016-02-18T22:36:58","date_gmt":"2016-02-18T21:36:58","guid":{"rendered":"https:\/\/zabnica.e-przedszkolak.eu\/?p=96"},"modified":"2016-02-18T22:53:19","modified_gmt":"2016-02-18T21:53:19","slug":"24-final-wielkiej-orkiestry-swiatecznej-pomocy","status":"publish","type":"post","link":"https:\/\/zabnica.e-przedszkolak.eu\/archiwum\/2016\/02\/18\/24-final-wielkiej-orkiestry-swiatecznej-pomocy\/","title":{"rendered":"24 Fina\u0142 Wielkiej Orkiestry \u015awi\u0105tecznej Pomocy"},"content":{"rendered":"<p style=\"text-align: justify;\">W tym roku znowu grali\u015bmy razem z WO\u015aP. W O\u015brodku Promocji Gminy W\u0119gierska G\u00f3rka, przedszkolaki wraz z dyrektorem i nauczycielami, przedstawi\u0142y pantomimiczne jase\u0142ka bo\u017conarodzeniowe. Dzieci zata\u0144czy\u0142y szota, kol\u0119dowa\u0142y z g\u00f3ralsk\u0105 kapel\u0105, sk\u0142adaj\u0105c \u017cyczenia, ta\u0144cz\u0105c i \u015bpiewaj\u0105c pastora\u0142ki.<\/p>\n<p style=\"text-align: justify;\"><!--more--><\/p>\n<p style=\"text-align: justify;\">Cieszymy si\u0119, \u017ce mo\u017cemy pomaga\u0107.<\/p>\n<p style=\"text-align: justify;\"><!-- index.php -->\n<div\n\tclass=\"ngg-galleryoverview\n\t ngg-ajax-pagination-none\t\"\n\tid=\"ngg-gallery-7783146e3ed0931912471152402e037a-1\">\n\n\t\t\t<!-- Thumbnails -->\n\t\t\t\t<div id=\"ngg-image-0\" class=\"ngg-gallery-thumbnail-box\"\n\t\t\t\t\t\t\t\t\t\t\t>\n\t\t\t\t\t\t<div class=\"ngg-gallery-thumbnail\">\n\t\t\t<a href=\"https:\/\/zabnica.e-przedszkolak.eu\/archiwum\/wp-content\/gallery\/24-final-wielkiej-orkiestry-swiatecznej-pomocy\/dsc-0082_201601111337.jpg\"\n\t\t\t\ttitle=\"\"\n\t\t\t\tdata-src=\"https:\/\/zabnica.e-przedszkolak.eu\/archiwum\/wp-content\/gallery\/24-final-wielkiej-orkiestry-swiatecznej-pomocy\/dsc-0082_201601111337.jpg\"\n\t\t\t\tdata-thumbnail=\"https:\/\/zabnica.e-przedszkolak.eu\/archiwum\/wp-content\/gallery\/24-final-wielkiej-orkiestry-swiatecznej-pomocy\/thumbs\/thumbs_dsc-0082_201601111337.jpg\"\n\t\t\t\tdata-image-id=\"1\"\n\t\t\t\tdata-title=\"dsc-0082_201601111337\"\n\t\t\t\tdata-description=\"\"\n\t\t\t\tdata-image-slug=\"dsc-0082_201601111337\"\n\t\t\t\tclass=\"ngg-fancybox\" rel=\"7783146e3ed0931912471152402e037a\">\n\t\t\t\t<img\n\t\t\t\t\ttitle=\"dsc-0082_201601111337\"\n\t\t\t\t\talt=\"dsc-0082_201601111337\"\n\t\t\t\t\tsrc=\"https:\/\/zabnica.e-przedszkolak.eu\/archiwum\/wp-content\/gallery\/24-final-wielkiej-orkiestry-swiatecznej-pomocy\/thumbs\/thumbs_dsc-0082_201601111337.jpg\"\n\t\t\t\t\twidth=\"240\"\n\t\t\t\t\theight=\"160\"\n\t\t\t\t\tstyle=\"max-width:100%;\"\n\t\t\t\t\/>\n\t\t\t<\/a>\n\t\t<\/div>\n\t\t\t\t\t\t\t<\/div>\n\t\t\t\n\t\t\t\t\t\t\t\n\t\t\t\t<div id=\"ngg-image-1\" class=\"ngg-gallery-thumbnail-box\"\n\t\t\t\t\t\t\t\t\t\t\t>\n\t\t\t\t\t\t<div class=\"ngg-gallery-thumbnail\">\n\t\t\t<a href=\"https:\/\/zabnica.e-przedszkolak.eu\/archiwum\/wp-content\/gallery\/24-final-wielkiej-orkiestry-swiatecznej-pomocy\/dsc-0097_201601111338.jpg\"\n\t\t\t\ttitle=\"\"\n\t\t\t\tdata-src=\"https:\/\/zabnica.e-przedszkolak.eu\/archiwum\/wp-content\/gallery\/24-final-wielkiej-orkiestry-swiatecznej-pomocy\/dsc-0097_201601111338.jpg\"\n\t\t\t\tdata-thumbnail=\"https:\/\/zabnica.e-przedszkolak.eu\/archiwum\/wp-content\/gallery\/24-final-wielkiej-orkiestry-swiatecznej-pomocy\/thumbs\/thumbs_dsc-0097_201601111338.jpg\"\n\t\t\t\tdata-image-id=\"2\"\n\t\t\t\tdata-title=\"dsc-0097_201601111338\"\n\t\t\t\tdata-description=\"\"\n\t\t\t\tdata-image-slug=\"dsc-0097_201601111338\"\n\t\t\t\tclass=\"ngg-fancybox\" rel=\"7783146e3ed0931912471152402e037a\">\n\t\t\t\t<img\n\t\t\t\t\ttitle=\"dsc-0097_201601111338\"\n\t\t\t\t\talt=\"dsc-0097_201601111338\"\n\t\t\t\t\tsrc=\"https:\/\/zabnica.e-przedszkolak.eu\/archiwum\/wp-content\/gallery\/24-final-wielkiej-orkiestry-swiatecznej-pomocy\/thumbs\/thumbs_dsc-0097_201601111338.jpg\"\n\t\t\t\t\twidth=\"240\"\n\t\t\t\t\theight=\"160\"\n\t\t\t\t\tstyle=\"max-width:100%;\"\n\t\t\t\t\/>\n\t\t\t<\/a>\n\t\t<\/div>\n\t\t\t\t\t\t\t<\/div>\n\t\t\t\n\t\t\t\t\t\t\t\t\t<br style=\"clear: both\" \/>\n\t\t\t\t\t\n\t\t\t\t<div id=\"ngg-image-2\" class=\"ngg-gallery-thumbnail-box\"\n\t\t\t\t\t\t\t\t\t\t\t>\n\t\t\t\t\t\t<div class=\"ngg-gallery-thumbnail\">\n\t\t\t<a href=\"https:\/\/zabnica.e-przedszkolak.eu\/archiwum\/wp-content\/gallery\/24-final-wielkiej-orkiestry-swiatecznej-pomocy\/dsc-0098_201601111338.jpg\"\n\t\t\t\ttitle=\"\"\n\t\t\t\tdata-src=\"https:\/\/zabnica.e-przedszkolak.eu\/archiwum\/wp-content\/gallery\/24-final-wielkiej-orkiestry-swiatecznej-pomocy\/dsc-0098_201601111338.jpg\"\n\t\t\t\tdata-thumbnail=\"https:\/\/zabnica.e-przedszkolak.eu\/archiwum\/wp-content\/gallery\/24-final-wielkiej-orkiestry-swiatecznej-pomocy\/thumbs\/thumbs_dsc-0098_201601111338.jpg\"\n\t\t\t\tdata-image-id=\"3\"\n\t\t\t\tdata-title=\"dsc-0098_201601111338\"\n\t\t\t\tdata-description=\"\"\n\t\t\t\tdata-image-slug=\"dsc-0098_201601111338\"\n\t\t\t\tclass=\"ngg-fancybox\" rel=\"7783146e3ed0931912471152402e037a\">\n\t\t\t\t<img\n\t\t\t\t\ttitle=\"dsc-0098_201601111338\"\n\t\t\t\t\talt=\"dsc-0098_201601111338\"\n\t\t\t\t\tsrc=\"https:\/\/zabnica.e-przedszkolak.eu\/archiwum\/wp-content\/gallery\/24-final-wielkiej-orkiestry-swiatecznej-pomocy\/thumbs\/thumbs_dsc-0098_201601111338.jpg\"\n\t\t\t\t\twidth=\"240\"\n\t\t\t\t\theight=\"160\"\n\t\t\t\t\tstyle=\"max-width:100%;\"\n\t\t\t\t\/>\n\t\t\t<\/a>\n\t\t<\/div>\n\t\t\t\t\t\t\t<\/div>\n\t\t\t\n\t\t\t\t\t\t\t\n\t\t\t\t<div id=\"ngg-image-3\" class=\"ngg-gallery-thumbnail-box\"\n\t\t\t\t\t\t\t\t\t\t\t>\n\t\t\t\t\t\t<div class=\"ngg-gallery-thumbnail\">\n\t\t\t<a href=\"https:\/\/zabnica.e-przedszkolak.eu\/archiwum\/wp-content\/gallery\/24-final-wielkiej-orkiestry-swiatecznej-pomocy\/dsc-0123_201601111338.jpg\"\n\t\t\t\ttitle=\"\"\n\t\t\t\tdata-src=\"https:\/\/zabnica.e-przedszkolak.eu\/archiwum\/wp-content\/gallery\/24-final-wielkiej-orkiestry-swiatecznej-pomocy\/dsc-0123_201601111338.jpg\"\n\t\t\t\tdata-thumbnail=\"https:\/\/zabnica.e-przedszkolak.eu\/archiwum\/wp-content\/gallery\/24-final-wielkiej-orkiestry-swiatecznej-pomocy\/thumbs\/thumbs_dsc-0123_201601111338.jpg\"\n\t\t\t\tdata-image-id=\"4\"\n\t\t\t\tdata-title=\"dsc-0123_201601111338\"\n\t\t\t\tdata-description=\"\"\n\t\t\t\tdata-image-slug=\"dsc-0123_201601111338\"\n\t\t\t\tclass=\"ngg-fancybox\" rel=\"7783146e3ed0931912471152402e037a\">\n\t\t\t\t<img\n\t\t\t\t\ttitle=\"dsc-0123_201601111338\"\n\t\t\t\t\talt=\"dsc-0123_201601111338\"\n\t\t\t\t\tsrc=\"https:\/\/zabnica.e-przedszkolak.eu\/archiwum\/wp-content\/gallery\/24-final-wielkiej-orkiestry-swiatecznej-pomocy\/thumbs\/thumbs_dsc-0123_201601111338.jpg\"\n\t\t\t\t\twidth=\"240\"\n\t\t\t\t\theight=\"160\"\n\t\t\t\t\tstyle=\"max-width:100%;\"\n\t\t\t\t\/>\n\t\t\t<\/a>\n\t\t<\/div>\n\t\t\t\t\t\t\t<\/div>\n\t\t\t\n\t\t\t\t\t\t\t\t\t<br style=\"clear: both\" \/>\n\t\t\t\t\t\n\t\t\t\t<div id=\"ngg-image-4\" class=\"ngg-gallery-thumbnail-box\"\n\t\t\t\t\t\t\t\t\t\t\t>\n\t\t\t\t\t\t<div class=\"ngg-gallery-thumbnail\">\n\t\t\t<a href=\"https:\/\/zabnica.e-przedszkolak.eu\/archiwum\/wp-content\/gallery\/24-final-wielkiej-orkiestry-swiatecznej-pomocy\/dsc-0132_201601111338.jpg\"\n\t\t\t\ttitle=\"\"\n\t\t\t\tdata-src=\"https:\/\/zabnica.e-przedszkolak.eu\/archiwum\/wp-content\/gallery\/24-final-wielkiej-orkiestry-swiatecznej-pomocy\/dsc-0132_201601111338.jpg\"\n\t\t\t\tdata-thumbnail=\"https:\/\/zabnica.e-przedszkolak.eu\/archiwum\/wp-content\/gallery\/24-final-wielkiej-orkiestry-swiatecznej-pomocy\/thumbs\/thumbs_dsc-0132_201601111338.jpg\"\n\t\t\t\tdata-image-id=\"5\"\n\t\t\t\tdata-title=\"dsc-0132_201601111338\"\n\t\t\t\tdata-description=\"\"\n\t\t\t\tdata-image-slug=\"dsc-0132_201601111338\"\n\t\t\t\tclass=\"ngg-fancybox\" rel=\"7783146e3ed0931912471152402e037a\">\n\t\t\t\t<img\n\t\t\t\t\ttitle=\"dsc-0132_201601111338\"\n\t\t\t\t\talt=\"dsc-0132_201601111338\"\n\t\t\t\t\tsrc=\"https:\/\/zabnica.e-przedszkolak.eu\/archiwum\/wp-content\/gallery\/24-final-wielkiej-orkiestry-swiatecznej-pomocy\/thumbs\/thumbs_dsc-0132_201601111338.jpg\"\n\t\t\t\t\twidth=\"240\"\n\t\t\t\t\theight=\"160\"\n\t\t\t\t\tstyle=\"max-width:100%;\"\n\t\t\t\t\/>\n\t\t\t<\/a>\n\t\t<\/div>\n\t\t\t\t\t\t\t<\/div>\n\t\t\t\n\t\t\t\t\t\t\t\n\t\t\t\t<div id=\"ngg-image-5\" class=\"ngg-gallery-thumbnail-box\"\n\t\t\t\t\t\t\t\t\t\t\t>\n\t\t\t\t\t\t<div class=\"ngg-gallery-thumbnail\">\n\t\t\t<a href=\"https:\/\/zabnica.e-przedszkolak.eu\/archiwum\/wp-content\/gallery\/24-final-wielkiej-orkiestry-swiatecznej-pomocy\/dsc-0141_201601111338.jpg\"\n\t\t\t\ttitle=\"\"\n\t\t\t\tdata-src=\"https:\/\/zabnica.e-przedszkolak.eu\/archiwum\/wp-content\/gallery\/24-final-wielkiej-orkiestry-swiatecznej-pomocy\/dsc-0141_201601111338.jpg\"\n\t\t\t\tdata-thumbnail=\"https:\/\/zabnica.e-przedszkolak.eu\/archiwum\/wp-content\/gallery\/24-final-wielkiej-orkiestry-swiatecznej-pomocy\/thumbs\/thumbs_dsc-0141_201601111338.jpg\"\n\t\t\t\tdata-image-id=\"6\"\n\t\t\t\tdata-title=\"dsc-0141_201601111338\"\n\t\t\t\tdata-description=\"\"\n\t\t\t\tdata-image-slug=\"dsc-0141_201601111338\"\n\t\t\t\tclass=\"ngg-fancybox\" rel=\"7783146e3ed0931912471152402e037a\">\n\t\t\t\t<img\n\t\t\t\t\ttitle=\"dsc-0141_201601111338\"\n\t\t\t\t\talt=\"dsc-0141_201601111338\"\n\t\t\t\t\tsrc=\"https:\/\/zabnica.e-przedszkolak.eu\/archiwum\/wp-content\/gallery\/24-final-wielkiej-orkiestry-swiatecznej-pomocy\/thumbs\/thumbs_dsc-0141_201601111338.jpg\"\n\t\t\t\t\twidth=\"240\"\n\t\t\t\t\theight=\"160\"\n\t\t\t\t\tstyle=\"max-width:100%;\"\n\t\t\t\t\/>\n\t\t\t<\/a>\n\t\t<\/div>\n\t\t\t\t\t\t\t<\/div>\n\t\t\t\n\t\t\t\t\t\t\t\t\t<br style=\"clear: both\" \/>\n\t\t\t\t\t\n\t\t\t\t<div id=\"ngg-image-6\" class=\"ngg-gallery-thumbnail-box\"\n\t\t\t\t\t\t\t\t\t\t\t>\n\t\t\t\t\t\t<div class=\"ngg-gallery-thumbnail\">\n\t\t\t<a href=\"https:\/\/zabnica.e-przedszkolak.eu\/archiwum\/wp-content\/gallery\/24-final-wielkiej-orkiestry-swiatecznej-pomocy\/dsc-0147_201601111338.jpg\"\n\t\t\t\ttitle=\"\"\n\t\t\t\tdata-src=\"https:\/\/zabnica.e-przedszkolak.eu\/archiwum\/wp-content\/gallery\/24-final-wielkiej-orkiestry-swiatecznej-pomocy\/dsc-0147_201601111338.jpg\"\n\t\t\t\tdata-thumbnail=\"https:\/\/zabnica.e-przedszkolak.eu\/archiwum\/wp-content\/gallery\/24-final-wielkiej-orkiestry-swiatecznej-pomocy\/thumbs\/thumbs_dsc-0147_201601111338.jpg\"\n\t\t\t\tdata-image-id=\"7\"\n\t\t\t\tdata-title=\"dsc-0147_201601111338\"\n\t\t\t\tdata-description=\"\"\n\t\t\t\tdata-image-slug=\"dsc-0147_201601111338\"\n\t\t\t\tclass=\"ngg-fancybox\" rel=\"7783146e3ed0931912471152402e037a\">\n\t\t\t\t<img\n\t\t\t\t\ttitle=\"dsc-0147_201601111338\"\n\t\t\t\t\talt=\"dsc-0147_201601111338\"\n\t\t\t\t\tsrc=\"https:\/\/zabnica.e-przedszkolak.eu\/archiwum\/wp-content\/gallery\/24-final-wielkiej-orkiestry-swiatecznej-pomocy\/thumbs\/thumbs_dsc-0147_201601111338.jpg\"\n\t\t\t\t\twidth=\"240\"\n\t\t\t\t\theight=\"160\"\n\t\t\t\t\tstyle=\"max-width:100%;\"\n\t\t\t\t\/>\n\t\t\t<\/a>\n\t\t<\/div>\n\t\t\t\t\t\t\t<\/div>\n\t\t\t\n\t\t\t\t\t\t\t\n\t\t\t\t<div id=\"ngg-image-7\" class=\"ngg-gallery-thumbnail-box\"\n\t\t\t\t\t\t\t\t\t\t\t>\n\t\t\t\t\t\t<div class=\"ngg-gallery-thumbnail\">\n\t\t\t<a href=\"https:\/\/zabnica.e-przedszkolak.eu\/archiwum\/wp-content\/gallery\/24-final-wielkiej-orkiestry-swiatecznej-pomocy\/dsc-0148_201601111339.jpg\"\n\t\t\t\ttitle=\"\"\n\t\t\t\tdata-src=\"https:\/\/zabnica.e-przedszkolak.eu\/archiwum\/wp-content\/gallery\/24-final-wielkiej-orkiestry-swiatecznej-pomocy\/dsc-0148_201601111339.jpg\"\n\t\t\t\tdata-thumbnail=\"https:\/\/zabnica.e-przedszkolak.eu\/archiwum\/wp-content\/gallery\/24-final-wielkiej-orkiestry-swiatecznej-pomocy\/thumbs\/thumbs_dsc-0148_201601111339.jpg\"\n\t\t\t\tdata-image-id=\"8\"\n\t\t\t\tdata-title=\"dsc-0148_201601111339\"\n\t\t\t\tdata-description=\"\"\n\t\t\t\tdata-image-slug=\"dsc-0148_201601111339\"\n\t\t\t\tclass=\"ngg-fancybox\" rel=\"7783146e3ed0931912471152402e037a\">\n\t\t\t\t<img\n\t\t\t\t\ttitle=\"dsc-0148_201601111339\"\n\t\t\t\t\talt=\"dsc-0148_201601111339\"\n\t\t\t\t\tsrc=\"https:\/\/zabnica.e-przedszkolak.eu\/archiwum\/wp-content\/gallery\/24-final-wielkiej-orkiestry-swiatecznej-pomocy\/thumbs\/thumbs_dsc-0148_201601111339.jpg\"\n\t\t\t\t\twidth=\"240\"\n\t\t\t\t\theight=\"160\"\n\t\t\t\t\tstyle=\"max-width:100%;\"\n\t\t\t\t\/>\n\t\t\t<\/a>\n\t\t<\/div>\n\t\t\t\t\t\t\t<\/div>\n\t\t\t\n\t\t\t\t\t\t\t\t\t<br style=\"clear: both\" \/>\n\t\t\t\t\t\n\t\t\n\t\t<!-- Pagination -->\n\t\t<div class='ngg-clear'><\/div>\t<\/div>\n<\/p>\n","protected":false},"excerpt":{"rendered":"<p>W tym roku znowu grali\u015bmy razem z WO\u015aP. W O\u015brodku Promocji Gminy W\u0119gierska G\u00f3rka, przedszkolaki wraz z dyrektorem i nauczycielami, przedstawi\u0142y pantomimiczne jase\u0142ka bo\u017conarodzeniowe. Dzieci zata\u0144czy\u0142y szota, kol\u0119dowa\u0142y z g\u00f3ralsk\u0105 kapel\u0105, sk\u0142adaj\u0105c \u017cyczenia, ta\u0144cz\u0105c i \u015bpiewaj\u0105c pastora\u0142ki.<\/p>\n","protected":false},"author":2,"featured_media":97,"comment_status":"open","ping_status":"open","sticky":false,"template":"","format":"standard","meta":{"ngg_post_thumbnail":0,"footnotes":""},"categories":[1],"tags":[],"class_list":["post-96","post","type-post","status-publish","format-standard","has-post-thumbnail","hentry","category-bez-kategorii"],"_links":{"self":[{"href":"https:\/\/zabnica.e-przedszkolak.eu\/archiwum\/wp-json\/wp\/v2\/posts\/96","targetHints":{"allow":["GET"]}}],"collection":[{"href":"https:\/\/zabnica.e-przedszkolak.eu\/archiwum\/wp-json\/wp\/v2\/posts"}],"about":[{"href":"https:\/\/zabnica.e-przedszkolak.eu\/archiwum\/wp-json\/wp\/v2\/types\/post"}],"author":[{"embeddable":true,"href":"https:\/\/zabnica.e-przedszkolak.eu\/archiwum\/wp-json\/wp\/v2\/users\/2"}],"replies":[{"embeddable":true,"href":"https:\/\/zabnica.e-przedszkolak.eu\/archiwum\/wp-json\/wp\/v2\/comments?post=96"}],"version-history":[{"count":4,"href":"https:\/\/zabnica.e-przedszkolak.eu\/archiwum\/wp-json\/wp\/v2\/posts\/96\/revisions"}],"predecessor-version":[{"id":137,"href":"https:\/\/zabnica.e-przedszkolak.eu\/archiwum\/wp-json\/wp\/v2\/posts\/96\/revisions\/137"}],"wp:featuredmedia":[{"embeddable":true,"href":"https:\/\/zabnica.e-przedszkolak.eu\/archiwum\/wp-json\/wp\/v2\/media\/97"}],"wp:attachment":[{"href":"https:\/\/zabnica.e-przedszkolak.eu\/archiwum\/wp-json\/wp\/v2\/media?parent=96"}],"wp:term":[{"taxonomy":"category","embeddable":true,"href":"https:\/\/zabnica.e-przedszkolak.eu\/archiwum\/wp-json\/wp\/v2\/categories?post=96"},{"taxonomy":"post_tag","embeddable":true,"href":"https:\/\/zabnica.e-przedszkolak.eu\/archiwum\/wp-json\/wp\/v2\/tags?post=96"}],"curies":[{"name":"wp","href":"https:\/\/api.w.org\/{rel}","templated":true}]}}